{"id":36918,"date":"2025-07-09T12:05:50","date_gmt":"2025-07-09T11:05:50","guid":{"rendered":"https:\/\/letempsmag.ma\/?p=36918"},"modified":"2025-07-09T12:05:50","modified_gmt":"2025-07-09T11:05:50","slug":"manazil-tiflet-un-programme-visionnaire-aux-portes-de-rabat","status":"publish","type":"post","link":"https:\/\/letempsmag.ma\/?p=36918","title":{"rendered":"Manazil Tiflet, un programme visionnaire aux portes de Rabat"},"content":{"rendered":"\n<p>Aux confins de Tiflet, le long de la route nationale reliant la ville \u00e0 Rabat, s\u2019\u00e9l\u00e8ve Manazil Tiflet, un projet r\u00e9sidentiel d\u2019envergure qui redessine les contours de la vie urbaine contemporaine. Sur un domaine de 18 hectares, ce programme visionnaire s\u2019inscrit dans la dynamique d\u2019expansion et de modernisation de la r\u00e9gion, tout en pla\u00e7ant l\u2019humain et la qualit\u00e9 de vie au c\u0153ur de son ambition.<\/p>\n\n\n\n<p>Manazil Tiflet b\u00e9n\u00e9ficie d\u2019une implantation exceptionnelle \u00e0 quelques minutes seulement de la Zone Industrielle d\u2019A\u00efn Johra, vaste de 147 hectares et accueillant des entreprises internationales. Ce p\u00f4le \u00e9conomique majeur attire aujourd\u2019hui des acteurs de premier plan et fa\u00e7onne l\u2019emploi de demain. Cette proximit\u00e9 imm\u00e9diate avec un bassin d\u2019activit\u00e9 en plein essor offre aux futurs r\u00e9sidents un acc\u00e8s privil\u00e9gi\u00e9 aux centres d\u00e9cisionnels et aux principales infrastructures de la r\u00e9gion de Rabat, tout en leur assurant une connexion optimale aux r\u00e9seaux de transport. Ici, l\u2019\u00e9quilibre entre le dynamisme \u00e9conomique et la tranquillit\u00e9 r\u00e9sidentielle prend tout son sens.<\/p>\n\n\n\n<p>Pens\u00e9 pour accompagner les aspirations vari\u00e9es des familles marocaines, Manazil Tiflet propose un cadre de vie g\u00e9n\u00e9reux et \u00e9quilibr\u00e9. Le projet d\u00e9ploie une offre r\u00e9sidentielle diversifi\u00e9e, o\u00f9 chaque logement est con\u00e7u pour r\u00e9pondre aux besoins et aux modes de vie d\u2019aujourd\u2019hui, alliant confort, \u00e9l\u00e9gance et fonctionnalit\u00e9.<\/p>\n\n\n\n<p>Bien plus qu\u2019un simple lieu d\u2019habitation, Manazil Tiflet fa\u00e7onne un v\u00e9ritable \u00e9cosyst\u00e8me r\u00e9sidentiel. \u00c9cole priv\u00e9e, centre commercial, restaurant, salle des f\u00eates, complexe sportif, polyclinique, cr\u00e8che et autres infrastructures viennent enrichir le quotidien des habitants. Tout est pens\u00e9 pour offrir un environnement pratique, convivial et propice \u00e0 l\u2019\u00e9panouissement, favorisant la coh\u00e9sion et le bien-\u00eatre de la communaut\u00e9.<\/p>\n\n\n\n<p>Dans sa conception, Manazil Tiflet accorde une attention particuli\u00e8re aux espaces qui rassemblent et qui nourrissent le tissu social. Une mosqu\u00e9e s\u2019impose naturellement comme le c\u0153ur spirituel du projet, offrant un lieu de recueillement et de proximit\u00e9. Un centre social accueillera des initiatives solidaires et des activit\u00e9s collectives, tandis qu\u2019un complexe sportif encouragera les r\u00e9sidents \u00e0 cultiver leur bien-\u00eatre dans un cadre dynamique et accessible. Les am\u00e9nagements communaux contribueront \u00e0 l\u2019embellissement de l\u2019ensemble, cr\u00e9ant des espaces ouverts o\u00f9 la nature et l\u2019urbanit\u00e9 dialoguent harmonieusement.<\/p>\n\n\n\n<p>Manazil Tiflet ne propose pas seulement un logement. Le programme dessine une vision d\u2019avenir. Avec ses espaces verts, son architecture contemporaine, ses services int\u00e9gr\u00e9s et sa localisation strat\u00e9gique, il s\u2019affirme comme un mod\u00e8le de la nouvelle g\u00e9n\u00e9ration de l\u2019habitat marocain, o\u00f9 la performance urbaine se conjugue \u00e0 un v\u00e9ritable art de vivre. C\u2019est une adresse qui r\u00e9unit qualit\u00e9 de vie, accessibilit\u00e9 et ambition urbaine, pour offrir \u00e0 ses r\u00e9sidents un investissement p\u00e9renne et un cadre de vie inspirant.<\/p>\n","protected":false},"excerpt":{"rendered":"<p>Aux confins de Tiflet, le long de la route nationale reliant la ville \u00e0 Rabat, s\u2019\u00e9l\u00e8ve Manazil Tiflet, un projet r\u00e9sidentiel d\u2019envergure qui redessine les contours de la vie urbaine contemporaine. Sur un domaine de 18 hectares, ce programme visionnaire s\u2019inscrit dans la dynamique d\u2019expansion et de modernisation de la r\u00e9gion, tout en pla\u00e7ant l\u2019humain &hellip;<\/p>\n","protected":false},"author":9,"featured_media":36900,"comment_status":"open","ping_status":"closed","sticky":false,"template":"","format":"standard","meta":{"footnotes":""},"categories":[74],"tags":[],"class_list":["post-36918","post","type-post","status-publish","format-standard","has-post-thumbnail","hentry","category-immobilier"],"_links":{"self":[{"href":"https:\/\/letempsmag.ma\/index.php?rest_route=\/wp\/v2\/posts\/36918","targetHints":{"allow":["GET"]}}],"collection":[{"href":"https:\/\/letempsmag.ma\/index.php?rest_route=\/wp\/v2\/posts"}],"about":[{"href":"https:\/\/letempsmag.ma\/index.php?rest_route=\/wp\/v2\/types\/post"}],"author":[{"embeddable":true,"href":"https:\/\/letempsmag.ma\/index.php?rest_route=\/wp\/v2\/users\/9"}],"replies":[{"embeddable":true,"href":"https:\/\/letempsmag.ma\/index.php?rest_route=%2Fwp%2Fv2%2Fcomments&post=36918"}],"version-history":[{"count":1,"href":"https:\/\/letempsmag.ma\/index.php?rest_route=\/wp\/v2\/posts\/36918\/revisions"}],"predecessor-version":[{"id":36919,"href":"https:\/\/letempsmag.ma\/index.php?rest_route=\/wp\/v2\/posts\/36918\/revisions\/36919"}],"wp:featuredmedia":[{"embeddable":true,"href":"https:\/\/letempsmag.ma\/index.php?rest_route=\/wp\/v2\/media\/36900"}],"wp:attachment":[{"href":"https:\/\/letempsmag.ma\/index.php?rest_route=%2Fwp%2Fv2%2Fmedia&parent=36918"}],"wp:term":[{"taxonomy":"category","embeddable":true,"href":"https:\/\/letempsmag.ma\/index.php?rest_route=%2Fwp%2Fv2%2Fcategories&post=36918"},{"taxonomy":"post_tag","embeddable":true,"href":"https:\/\/letempsmag.ma\/index.php?rest_route=%2Fwp%2Fv2%2Ftags&post=36918"}],"curies":[{"name":"wp","href":"https:\/\/api.w.org\/{rel}","templated":true}]}}