{"id":3670,"date":"2021-06-04T09:25:48","date_gmt":"2021-06-04T09:25:48","guid":{"rendered":"https:\/\/letempsmag.ma\/?p=3670"},"modified":"2021-06-04T09:25:48","modified_gmt":"2021-06-04T09:25:48","slug":"les-regionales-de-linvestissement-de-la-banque-populaire-font-une-halte-a-agadir","status":"publish","type":"post","link":"https:\/\/letempsmag.ma\/?p=3670","title":{"rendered":"Les \u00abR\u00e9gionales de l\u2019Investissement\u00bb de la Banque Populaire font une halte \u00e0 Agadir"},"content":{"rendered":"\n<p>Apr\u00e8s F\u00e8s et Rabat, la Banque Populaire continue son roadshow \u00abLes R\u00e9gionales de l\u2019Investissement\u00bb avec une rencontre organis\u00e9e le 3 juin courant \u00e0 Agadir. L\u2019\u00e9tape a \u00e9t\u00e9 marqu\u00e9e par la signature de trois conventions de partenariat visant \u00e0 encourager les initiatives entrepreneuriales dans la r\u00e9gion et l\u2019accompagnement des secteurs productifs. Le Pr\u00e9sident de la banque \u00e0 l\u2019\u00c9talon, Mohamed Karim Mounir, a mis l\u2019accent sur les potentialit\u00e9s et les projets de d\u00e9veloppement dont regorge la r\u00e9gion. Il a \u00e9galement fait part de sa con\ufb01ance dans la dynamique \u00e9conomique insuf\ufb02\u00e9e dans les diff\u00e9rentes r\u00e9gions du Royaume&nbsp;: \u00abavec ce que nous vivons tous les jours sur le terrain, nous sommes tr\u00e8s optimistes quant \u00e0 une relance \u00e9conomique imminente\u00bb. Il a \u00e9galement visit\u00e9, en marge de cette rencontre, la caravane \u00abCha\u00e2bi Intelak\u00bb, pr\u00e9sente ce jour-l\u00e0 dans la r\u00e9gion de Souss-Massa.<\/p>\n\n\n\n<p><strong>M. E.<\/strong><\/p>\n","protected":false},"excerpt":{"rendered":"<p>Apr\u00e8s F\u00e8s et Rabat, la Banque Populaire continue son roadshow \u00abLes R\u00e9gionales de l\u2019Investissement\u00bb avec une rencontre organis\u00e9e le 3 juin courant \u00e0 Agadir. L\u2019\u00e9tape a \u00e9t\u00e9 marqu\u00e9e par la signature de trois conventions de partenariat visant \u00e0 encourager les initiatives entrepreneuriales dans la r\u00e9gion et l\u2019accompagnement des secteurs productifs. Le Pr\u00e9sident de la banque &hellip;<\/p>\n","protected":false},"author":9,"featured_media":3671,"comment_status":"open","ping_status":"closed","sticky":false,"template":"","format":"standard","meta":{"footnotes":""},"categories":[34],"tags":[],"class_list":["post-3670","post","type-post","status-publish","format-standard","has-post-thumbnail","hentry","category-entrepreneuriat"],"_links":{"self":[{"href":"https:\/\/letempsmag.ma\/index.php?rest_route=\/wp\/v2\/posts\/3670","targetHints":{"allow":["GET"]}}],"collection":[{"href":"https:\/\/letempsmag.ma\/index.php?rest_route=\/wp\/v2\/posts"}],"about":[{"href":"https:\/\/letempsmag.ma\/index.php?rest_route=\/wp\/v2\/types\/post"}],"author":[{"embeddable":true,"href":"https:\/\/letempsmag.ma\/index.php?rest_route=\/wp\/v2\/users\/9"}],"replies":[{"embeddable":true,"href":"https:\/\/letempsmag.ma\/index.php?rest_route=%2Fwp%2Fv2%2Fcomments&post=3670"}],"version-history":[{"count":1,"href":"https:\/\/letempsmag.ma\/index.php?rest_route=\/wp\/v2\/posts\/3670\/revisions"}],"predecessor-version":[{"id":3672,"href":"https:\/\/letempsmag.ma\/index.php?rest_route=\/wp\/v2\/posts\/3670\/revisions\/3672"}],"wp:featuredmedia":[{"embeddable":true,"href":"https:\/\/letempsmag.ma\/index.php?rest_route=\/wp\/v2\/media\/3671"}],"wp:attachment":[{"href":"https:\/\/letempsmag.ma\/index.php?rest_route=%2Fwp%2Fv2%2Fmedia&parent=3670"}],"wp:term":[{"taxonomy":"category","embeddable":true,"href":"https:\/\/letempsmag.ma\/index.php?rest_route=%2Fwp%2Fv2%2Fcategories&post=3670"},{"taxonomy":"post_tag","embeddable":true,"href":"https:\/\/letempsmag.ma\/index.php?rest_route=%2Fwp%2Fv2%2Ftags&post=3670"}],"curies":[{"name":"wp","href":"https:\/\/api.w.org\/{rel}","templated":true}]}}