{"id":36665,"date":"2025-06-25T12:40:09","date_gmt":"2025-06-25T11:40:09","guid":{"rendered":"https:\/\/letempsmag.ma\/?p=36665"},"modified":"2025-06-25T12:40:09","modified_gmt":"2025-06-25T11:40:09","slug":"lequipementier-allemand-benteler-lance-une-usine-a-kenitra","status":"publish","type":"post","link":"https:\/\/letempsmag.ma\/?p=36665","title":{"rendered":"L\u2019\u00e9quipementier allemand Benteler lance une usine \u00e0 K\u00e9nitra"},"content":{"rendered":"\n<p>L\u2019\u00e9quipementier automobile allemand Benteler a proc\u00e9d\u00e9 r\u00e9cemment \u00e0 la pose de la premi\u00e8re pierre d\u2019une nouvelle usine \u00e0 K\u00e9nitra, en pr\u00e9sence de Ryad Mezzour, Ministre de l\u2019Industrie et du Commerce, et de Matthias Siemer, Pr\u00e9sident de Benteler Automotive Components Europe. Lors de la phase de mont\u00e9e en puissance, l\u2019entreprise pr\u00e9voit d\u2019investir un montant de plusieurs dizaines de millions d\u2019euros dans cette nouvelle unit\u00e9 de production, dont la mise en service est programm\u00e9e pour 2026. Cette usine devrait g\u00e9n\u00e9rer plus de 300 emplois directs, avec la perspective de nombreux emplois indirects suppl\u00e9mentaires tout au long de la cha\u00eene de valeur locale.<\/p>\n\n\n\n<p>\u00abNous nous r\u00e9jouissons de la d\u00e9cision de Benteler d\u2019investir dans notre pays et de cr\u00e9er des centaines de nouveaux emplois \u00e0 K\u00e9nitra. Ce projet renforce davantage la dynamique de notre \u00e9cosyst\u00e8me automobile, soutenue par une main-d\u2019\u0153uvre qualifi\u00e9e et une offre industrielle comp\u00e9titive\u00bb, a d\u00e9clar\u00e9 Ryad Mezzour. Pour sa part, Matthias Siemer a d\u00e9clar\u00e9&nbsp;: \u00abNous sommes impatients d\u2019ouvrir notre nouvelle usine \u00e0 K\u00e9nitra et d\u2019y renforcer notre pr\u00e9sence mondiale. Le Maroc nous offre des atouts g\u00e9ographiques de grande importance : c\u2019est un pays moderne dot\u00e9 d\u2019une industrie automobile solide, et son positionnement et ses infrastructures logistiques nous permettent d\u2019optimiser nos livraisons\u00bb.<\/p>\n\n\n\n<p>Dans cette nouvelle installation, le groupe allemand fabriquera des pare-chocs avant et arri\u00e8re, des essieux arri\u00e8re \u00e0 poutre de torsion, des barres de renfort de collision et des bras de suspension pour un grand constructeur automobile. L\u2019usine sera dot\u00e9e d\u2019\u00e9quipements de pointe dont des technologies de pointe de l&#8217;Industrie \u00ab4.0\u00bb d\u00e9velopp\u00e9es gr\u00e2ce \u00e0 son initiative Smart Factories.<\/p>\n\n\n\n<p>Le groupe Benteler s\u2019est \u00e9tabli dans la Zone Franche Atlantique de K\u00e9nitra, un emplacement id\u00e9al pour une production efficace et orient\u00e9e vers le client. L\u2019entreprise construit un b\u00e2timent d\u2019environ 17.000 m2 sur un site d\u2019environ 50.000 m2, b\u00e9n\u00e9ficiant d\u2019un acc\u00e8s direct \u00e0 l\u2019autoroute et de bonnes liaisons avec le Port de Tanger-Med, au nord du Maroc.<\/p>\n\n\n\n<p><\/p>\n","protected":false},"excerpt":{"rendered":"<p>L\u2019\u00e9quipementier automobile allemand Benteler a proc\u00e9d\u00e9 r\u00e9cemment \u00e0 la pose de la premi\u00e8re pierre d\u2019une nouvelle usine \u00e0 K\u00e9nitra, en pr\u00e9sence de Ryad Mezzour, Ministre de l\u2019Industrie et du Commerce, et de Matthias Siemer, Pr\u00e9sident de Benteler Automotive Components Europe. Lors de la phase de mont\u00e9e en puissance, l\u2019entreprise pr\u00e9voit d\u2019investir un montant de plusieurs &hellip;<\/p>\n","protected":false},"author":9,"featured_media":36644,"comment_status":"open","ping_status":"closed","sticky":false,"template":"","format":"standard","meta":{"footnotes":""},"categories":[121],"tags":[],"class_list":["post-36665","post","type-post","status-publish","format-standard","has-post-thumbnail","hentry","category-automobile"],"_links":{"self":[{"href":"https:\/\/letempsmag.ma\/index.php?rest_route=\/wp\/v2\/posts\/36665","targetHints":{"allow":["GET"]}}],"collection":[{"href":"https:\/\/letempsmag.ma\/index.php?rest_route=\/wp\/v2\/posts"}],"about":[{"href":"https:\/\/letempsmag.ma\/index.php?rest_route=\/wp\/v2\/types\/post"}],"author":[{"embeddable":true,"href":"https:\/\/letempsmag.ma\/index.php?rest_route=\/wp\/v2\/users\/9"}],"replies":[{"embeddable":true,"href":"https:\/\/letempsmag.ma\/index.php?rest_route=%2Fwp%2Fv2%2Fcomments&post=36665"}],"version-history":[{"count":1,"href":"https:\/\/letempsmag.ma\/index.php?rest_route=\/wp\/v2\/posts\/36665\/revisions"}],"predecessor-version":[{"id":36666,"href":"https:\/\/letempsmag.ma\/index.php?rest_route=\/wp\/v2\/posts\/36665\/revisions\/36666"}],"wp:featuredmedia":[{"embeddable":true,"href":"https:\/\/letempsmag.ma\/index.php?rest_route=\/wp\/v2\/media\/36644"}],"wp:attachment":[{"href":"https:\/\/letempsmag.ma\/index.php?rest_route=%2Fwp%2Fv2%2Fmedia&parent=36665"}],"wp:term":[{"taxonomy":"category","embeddable":true,"href":"https:\/\/letempsmag.ma\/index.php?rest_route=%2Fwp%2Fv2%2Fcategories&post=36665"},{"taxonomy":"post_tag","embeddable":true,"href":"https:\/\/letempsmag.ma\/index.php?rest_route=%2Fwp%2Fv2%2Ftags&post=36665"}],"curies":[{"name":"wp","href":"https:\/\/api.w.org\/{rel}","templated":true}]}}