{"id":36516,"date":"2025-06-18T10:45:13","date_gmt":"2025-06-18T09:45:13","guid":{"rendered":"https:\/\/letempsmag.ma\/?p=36516"},"modified":"2025-06-18T10:45:13","modified_gmt":"2025-06-18T09:45:13","slug":"le-consulat-marocain-a-las-palmas-organise-un-festival-dedie-a-lafrique","status":"publish","type":"post","link":"https:\/\/letempsmag.ma\/?p=36516","title":{"rendered":"Le Consulat marocain \u00e0 Las Palmas organise un festival d\u00e9di\u00e9 \u00e0 l&#8217;Afrique"},"content":{"rendered":"\n<p>En marge de la c\u00e9l\u00e9bration du 547<sup>\u00e8me<\/sup> anniversaire de Las Palmas de Gran Canaria, des activit\u00e9s ont \u00e9t\u00e9 mises en place, dont la premi\u00e8re \u00e9dition du festival \u00abJourn\u00e9e de l&#8217;Afrique\u00bb aux \u00celes Canaries organis\u00e9e le 14 juin dernier par le Consulat du Maroc \u00e0 Las Palmas. Cette premi\u00e8re \u00e9dition a \u00e9t\u00e9 r\u00e9ussie gr\u00e2ce \u00e0 une collaboration avec la Mairie de Las Palmas. L\u2019\u00e9v\u00e9nement a \u00e9t\u00e9 marqu\u00e9 notamment par un hommage rendu \u00e0 Casa Africa.<\/p>\n\n\n\n<p>Plusieurs participants de divers pays de l&#8217;Afrique subsaharienne ont \u00e9t\u00e9 invit\u00e9s, en plus du Maroc pays organisateur, notamment le Cameroun, la Gambie, le Ghana, le Nigeria, le S\u00e9n\u00e9gal, la Sierra Leone, la Mauritanie, la Guin\u00e9e Conakry et la Guin\u00e9e \u00e9quatoriale. Expositions, mode, gastronomie, peinture, musique et photographie ont \u00e9t\u00e9 au programme de cet \u00e9v\u00e9nement festif.<\/p>\n\n\n\n<p>La Consule G\u00e9n\u00e9rale du Maroc \u00e0 Las Palmas, Fatiha El Kamourin, a d\u00e9clar\u00e9&nbsp;: \u00abCe festival de la Journ\u00e9e de l&#8217;Afrique repr\u00e9sente un \u00e9v\u00e9nement historique pour les peuples africains des \u00eeles Canaries. Le Maroc a toujours \u0153uvr\u00e9 pour la coexistence, la paix et toutes les formes de solidarit\u00e9 avec l&#8217;ensemble des peuples africains dans l&#8217;ensemble des \u00eeles Canaries\u00bb.<\/p>\n\n\n\n<p>L&#8217;\u00e9v\u00e9nement a \u00e9t\u00e9 cl\u00f4tur\u00e9 par un concert anim\u00e9 par l&#8217;artiste marocain Abdelali El Ghaoui et plusieurs autres stars marocaines et africaines.<\/p>\n","protected":false},"excerpt":{"rendered":"<p>En marge de la c\u00e9l\u00e9bration du 547\u00e8me anniversaire de Las Palmas de Gran Canaria, des activit\u00e9s ont \u00e9t\u00e9 mises en place, dont la premi\u00e8re \u00e9dition du festival \u00abJourn\u00e9e de l&#8217;Afrique\u00bb aux \u00celes Canaries organis\u00e9e le 14 juin dernier par le Consulat du Maroc \u00e0 Las Palmas. Cette premi\u00e8re \u00e9dition a \u00e9t\u00e9 r\u00e9ussie gr\u00e2ce \u00e0 une &hellip;<\/p>\n","protected":false},"author":9,"featured_media":36504,"comment_status":"open","ping_status":"closed","sticky":false,"template":"","format":"standard","meta":{"footnotes":""},"categories":[490],"tags":[],"class_list":["post-36516","post","type-post","status-publish","format-standard","has-post-thumbnail","hentry","category-happening"],"_links":{"self":[{"href":"https:\/\/letempsmag.ma\/index.php?rest_route=\/wp\/v2\/posts\/36516","targetHints":{"allow":["GET"]}}],"collection":[{"href":"https:\/\/letempsmag.ma\/index.php?rest_route=\/wp\/v2\/posts"}],"about":[{"href":"https:\/\/letempsmag.ma\/index.php?rest_route=\/wp\/v2\/types\/post"}],"author":[{"embeddable":true,"href":"https:\/\/letempsmag.ma\/index.php?rest_route=\/wp\/v2\/users\/9"}],"replies":[{"embeddable":true,"href":"https:\/\/letempsmag.ma\/index.php?rest_route=%2Fwp%2Fv2%2Fcomments&post=36516"}],"version-history":[{"count":1,"href":"https:\/\/letempsmag.ma\/index.php?rest_route=\/wp\/v2\/posts\/36516\/revisions"}],"predecessor-version":[{"id":36517,"href":"https:\/\/letempsmag.ma\/index.php?rest_route=\/wp\/v2\/posts\/36516\/revisions\/36517"}],"wp:featuredmedia":[{"embeddable":true,"href":"https:\/\/letempsmag.ma\/index.php?rest_route=\/wp\/v2\/media\/36504"}],"wp:attachment":[{"href":"https:\/\/letempsmag.ma\/index.php?rest_route=%2Fwp%2Fv2%2Fmedia&parent=36516"}],"wp:term":[{"taxonomy":"category","embeddable":true,"href":"https:\/\/letempsmag.ma\/index.php?rest_route=%2Fwp%2Fv2%2Fcategories&post=36516"},{"taxonomy":"post_tag","embeddable":true,"href":"https:\/\/letempsmag.ma\/index.php?rest_route=%2Fwp%2Fv2%2Ftags&post=36516"}],"curies":[{"name":"wp","href":"https:\/\/api.w.org\/{rel}","templated":true}]}}