{"id":36500,"date":"2025-06-17T11:24:31","date_gmt":"2025-06-17T10:24:31","guid":{"rendered":"https:\/\/letempsmag.ma\/?p=36500"},"modified":"2025-06-17T11:24:31","modified_gmt":"2025-06-17T10:24:31","slug":"le-maroc-reconfirme-a-lonu-sa-position-inalienable-contre-le-discours-de-haine","status":"publish","type":"post","link":"https:\/\/letempsmag.ma\/?p=36500","title":{"rendered":"Le Maroc reconfirme \u00e0 l\u2019ONU sa position inali\u00e9nable contre le discours de haine"},"content":{"rendered":"\n<p>L\u2019Ambassadeur repr\u00e9sentant permanent du Maroc aupr\u00e8s de l\u2019ONU, Omar Hilale, a mis en exergue, hier \u00e0 New York, l\u2019engagement irr\u00e9fragable du Maroc, sous le leadership clairvoyant de S.M. le Roi Mohammed VI, en faveur des id\u00e9aux de paix et de coexistence pour lutter toute forme de haine. Le diplomate s\u2019exprimait lors d\u2019un \u00e9v\u00e9nement de haut niveau co-organis\u00e9 par la Mission Permanente du Maroc aupr\u00e8s des Nations Unies et le Bureau Onusien de la Pr\u00e9vention du G\u00e9nocide, en comm\u00e9moration de la 4<sup>\u00e8me<\/sup> Journ\u00e9e Internationale de Lutte contre le Discours de Haine sous le th\u00e8me \u00abLien entre discours de haine et intelligence artificielle\u00bb.<\/p>\n\n\n\n<p>L\u2019Ambassadeur a rappel\u00e9 un passage du message adress\u00e9 par S.M. le Roi Mohammed VI aux participants \u00e0 la Conf\u00e9rence parlementaire sur le Dialogue interconfessionnel, tenu en juin 2023, dans lequel le Souverain a soulign\u00e9 \u00able tableau morose d\u2019un monde prenant acte de ce conflit des croyances ne doit pas occulter une r\u00e9alit\u00e9 plus radieuse&nbsp;: les initiatives audacieuses qui cherchent \u00e0 favoriser la communication et l\u2019interaction entre les composantes de la communaut\u00e9 internationale et les adeptes des diff\u00e9rentes confessions, contribuant \u00e0 cultiver ainsi, aupr\u00e8s des unes et des autres, un esprit de tol\u00e9rance, un climat d\u2019entente, l\u2019id\u00e9al du vivre-ensemble\u00bb.<\/p>\n\n\n\n<p>Omar Hilale a, par ailleurs, relev\u00e9 que conform\u00e9ment aux hautes orientations Royales, le Maroc a adopt\u00e9 une approche robuste et \u00e0 plusieurs niveaux, alliant r\u00e9glementation juridique, surveillance institutionnelle, alignement \u00e9thique, programmes \u00e9ducatifs et d\u00e9ploiements techniques pour exploiter de mani\u00e8re responsable l\u2019intelligence artificielle tout en pr\u00e9servant la vie priv\u00e9e, les droits de l\u2019Homme et la confiance num\u00e9rique afin de lutter contre les discours de haine.<\/p>\n\n\n\n<p>L\u2019Ambassadeur a, en outre, mis en relief l\u2019importance primordiale de la mise en \u0153uvre effective de l\u2019arsenal doctrinaire des Nations-Unies destin\u00e9 \u00e0 promouvoir le dialogue interreligieux et interculturel et \u00e0 lutter contre les discours de haine, notamment le \u00abPlan d\u2019action de Rabat\u00bb, le \u00abPlan d\u2019action de F\u00e8s\u00bb, la \u00abStrat\u00e9gie et le Plan d\u2019action des Nations-Unies contre le discours de haine\u00bb et toutes les R\u00e9solutions pertinentes sur le discours de haine, adopt\u00e9es par l\u2019ONU \u00e0 l\u2019initiative du Royaume.<\/p>\n","protected":false},"excerpt":{"rendered":"<p>L\u2019Ambassadeur repr\u00e9sentant permanent du Maroc aupr\u00e8s de l\u2019ONU, Omar Hilale, a mis en exergue, hier \u00e0 New York, l\u2019engagement irr\u00e9fragable du Maroc, sous le leadership clairvoyant de S.M. le Roi Mohammed VI, en faveur des id\u00e9aux de paix et de coexistence pour lutter toute forme de haine. Le diplomate s\u2019exprimait lors d\u2019un \u00e9v\u00e9nement de haut &hellip;<\/p>\n","protected":false},"author":9,"featured_media":36487,"comment_status":"open","ping_status":"closed","sticky":false,"template":"","format":"standard","meta":{"footnotes":""},"categories":[153],"tags":[],"class_list":["post-36500","post","type-post","status-publish","format-standard","has-post-thumbnail","hentry","category-nations-unies"],"_links":{"self":[{"href":"https:\/\/letempsmag.ma\/index.php?rest_route=\/wp\/v2\/posts\/36500","targetHints":{"allow":["GET"]}}],"collection":[{"href":"https:\/\/letempsmag.ma\/index.php?rest_route=\/wp\/v2\/posts"}],"about":[{"href":"https:\/\/letempsmag.ma\/index.php?rest_route=\/wp\/v2\/types\/post"}],"author":[{"embeddable":true,"href":"https:\/\/letempsmag.ma\/index.php?rest_route=\/wp\/v2\/users\/9"}],"replies":[{"embeddable":true,"href":"https:\/\/letempsmag.ma\/index.php?rest_route=%2Fwp%2Fv2%2Fcomments&post=36500"}],"version-history":[{"count":1,"href":"https:\/\/letempsmag.ma\/index.php?rest_route=\/wp\/v2\/posts\/36500\/revisions"}],"predecessor-version":[{"id":36501,"href":"https:\/\/letempsmag.ma\/index.php?rest_route=\/wp\/v2\/posts\/36500\/revisions\/36501"}],"wp:featuredmedia":[{"embeddable":true,"href":"https:\/\/letempsmag.ma\/index.php?rest_route=\/wp\/v2\/media\/36487"}],"wp:attachment":[{"href":"https:\/\/letempsmag.ma\/index.php?rest_route=%2Fwp%2Fv2%2Fmedia&parent=36500"}],"wp:term":[{"taxonomy":"category","embeddable":true,"href":"https:\/\/letempsmag.ma\/index.php?rest_route=%2Fwp%2Fv2%2Fcategories&post=36500"},{"taxonomy":"post_tag","embeddable":true,"href":"https:\/\/letempsmag.ma\/index.php?rest_route=%2Fwp%2Fv2%2Ftags&post=36500"}],"curies":[{"name":"wp","href":"https:\/\/api.w.org\/{rel}","templated":true}]}}