{"id":36498,"date":"2025-06-17T11:23:18","date_gmt":"2025-06-17T10:23:18","guid":{"rendered":"https:\/\/letempsmag.ma\/?p=36498"},"modified":"2025-06-17T11:23:18","modified_gmt":"2025-06-17T10:23:18","slug":"le-maroc-accueillera-un-data-center-du-geant-sud-coreen-naver-cloud","status":"publish","type":"post","link":"https:\/\/letempsmag.ma\/?p=36498","title":{"rendered":"Le Maroc accueillera un Data Center du g\u00e9ant sud-cor\u00e9en Naver Cloud"},"content":{"rendered":"\n<p>Naver Cloud, g\u00e9ant sud-cor\u00e9en de l\u2019internet, pr\u00e9voit le d\u00e9veloppement d\u2019un centre de donn\u00e9es au Maroc. L\u2019op\u00e9rateur a, en effet, annonc\u00e9 tout r\u00e9cemment un partenariat avec les sp\u00e9cialistes internationaux Nvidia, Nexus Core Systems et Lloyds Capital pour construire ce data center de donn\u00e9es IA de 500 MW dans le Royaume. Le projet vise \u00e0 fournir des services informatiques d\u2019IA souverains dans toute la r\u00e9gion EMEA (Europe, Moyen-Orient et Afrique). Le d\u00e9but des travaux de construction de la premi\u00e8re phase du projet est pr\u00e9vu au quatri\u00e8me trimestre 2025.<\/p>\n\n\n\n<p>Le consortium d\u00e9clare avoir sign\u00e9 un contrat strat\u00e9gique d\u2019approvisionnement en \u00e9nergie renouvelable avec le groupe \u00e9nerg\u00e9tique Taqa Maroc. Naver Cloud participera en tant qu\u2019op\u00e9rateur de plateforme du centre de donn\u00e9es avec Nexus Core Systems et Lloyd Capital et fournira des services et applications d\u2019IA int\u00e9gr\u00e9s bas\u00e9s sur sa plateforme cloud avanc\u00e9e.<\/p>\n\n\n\n<p>Chae Seon-Ju, Directrice Strat\u00e9gique de Naver, d\u00e9clar&nbsp;: \u00abLa confiance dans les prouesses technologiques et les capacit\u00e9s d\u2019ex\u00e9cution de Naver, d\u00e9montr\u00e9es en Arabie Saoudite, nous a conduits \u00e0 participer \u00e0 ce projet mondial. Cette collaboration marquera un tournant important pour l\u2019expansion des technologies cloud et d\u2019IA de Naver au-del\u00e0 du Japon, de l\u2019Asie du Sud-est et du Moyen-Orient, vers le march\u00e9 europ\u00e9en\u00bb.<\/p>\n","protected":false},"excerpt":{"rendered":"<p>Naver Cloud, g\u00e9ant sud-cor\u00e9en de l\u2019internet, pr\u00e9voit le d\u00e9veloppement d\u2019un centre de donn\u00e9es au Maroc. L\u2019op\u00e9rateur a, en effet, annonc\u00e9 tout r\u00e9cemment un partenariat avec les sp\u00e9cialistes internationaux Nvidia, Nexus Core Systems et Lloyds Capital pour construire ce data center de donn\u00e9es IA de 500 MW dans le Royaume. Le projet vise \u00e0 fournir des &hellip;<\/p>\n","protected":false},"author":9,"featured_media":36486,"comment_status":"open","ping_status":"closed","sticky":false,"template":"","format":"standard","meta":{"footnotes":""},"categories":[573],"tags":[],"class_list":["post-36498","post","type-post","status-publish","format-standard","has-post-thumbnail","hentry","category-high-tech-2"],"_links":{"self":[{"href":"https:\/\/letempsmag.ma\/index.php?rest_route=\/wp\/v2\/posts\/36498","targetHints":{"allow":["GET"]}}],"collection":[{"href":"https:\/\/letempsmag.ma\/index.php?rest_route=\/wp\/v2\/posts"}],"about":[{"href":"https:\/\/letempsmag.ma\/index.php?rest_route=\/wp\/v2\/types\/post"}],"author":[{"embeddable":true,"href":"https:\/\/letempsmag.ma\/index.php?rest_route=\/wp\/v2\/users\/9"}],"replies":[{"embeddable":true,"href":"https:\/\/letempsmag.ma\/index.php?rest_route=%2Fwp%2Fv2%2Fcomments&post=36498"}],"version-history":[{"count":1,"href":"https:\/\/letempsmag.ma\/index.php?rest_route=\/wp\/v2\/posts\/36498\/revisions"}],"predecessor-version":[{"id":36499,"href":"https:\/\/letempsmag.ma\/index.php?rest_route=\/wp\/v2\/posts\/36498\/revisions\/36499"}],"wp:featuredmedia":[{"embeddable":true,"href":"https:\/\/letempsmag.ma\/index.php?rest_route=\/wp\/v2\/media\/36486"}],"wp:attachment":[{"href":"https:\/\/letempsmag.ma\/index.php?rest_route=%2Fwp%2Fv2%2Fmedia&parent=36498"}],"wp:term":[{"taxonomy":"category","embeddable":true,"href":"https:\/\/letempsmag.ma\/index.php?rest_route=%2Fwp%2Fv2%2Fcategories&post=36498"},{"taxonomy":"post_tag","embeddable":true,"href":"https:\/\/letempsmag.ma\/index.php?rest_route=%2Fwp%2Fv2%2Ftags&post=36498"}],"curies":[{"name":"wp","href":"https:\/\/api.w.org\/{rel}","templated":true}]}}