{"id":36477,"date":"2025-06-16T11:33:26","date_gmt":"2025-06-16T10:33:26","guid":{"rendered":"https:\/\/letempsmag.ma\/?p=36477"},"modified":"2025-06-16T11:33:26","modified_gmt":"2025-06-16T10:33:26","slug":"la-fondation-hassan-ii-pour-les-mre-accueille-mustapha-el-basri-a-lespace-rivage","status":"publish","type":"post","link":"https:\/\/letempsmag.ma\/?p=36477","title":{"rendered":"La Fondation Hassan II pour les MRE accueille Mustapha El Basri \u00e0 l\u2019Espace Rivage"},"content":{"rendered":"\n<p>La Fondation Hassan II pour les Marocains R\u00e9sidant \u00e0 l\u2019\u00c9tranger organise une exposition photographique intitul\u00e9e \u00abJe viens d\u2019un regard qui traverse\u00bb, \u0153uvre de l\u2019artiste photographe marocain Mustapha El Basri, qui r\u00e9side aux \u00c9tats-Unis. L\u2019exposition se tient du 19 juin au 19 juillet prochain \u00e0 la galerie Espace Rivages \u00e0 Rabat.<\/p>\n\n\n\n<p>N\u00e9 \u00e0 Rabat en 1959, apr\u00e8s des \u00e9tudes de sociologie en France, Mustapha El Basri s\u2019installe dans le Comt\u00e9 d\u2019Orange en Californie aux \u00c9tats-Unis, o\u00f9 il vit et travaille en tant qu\u2019artiste photographe. Ayant un parcours acad\u00e9mique de sociologue, il a \u00e9t\u00e9 form\u00e9 \u00e9galement \u00e0 l\u2019Orange Coast College en Californie, o\u00f9 il a re\u00e7u un certificat de m\u00e9rite en photographie fixe. Il est le premier photographe du monde arabe \u00e0 se voir d\u00e9cern\u00e9 le Prix \u00abthe International portrait photographer of the 2023\u00bb en Australie.<\/p>\n\n\n\n<p>Photographe urbain, il est \u00e0 l\u2019aff\u00fbt de \u00abl\u2019instant d\u00e9cisif\u00bb et du moment fugace. Il capte l\u2019\u00e2me d\u2019un lieu, d\u2019un personnage, d\u2019une interaction ou d\u2019un instant du quotidien. Humaniste, il exprime sa vision du monde et guide nos regards vers des personnes \u00abinvisibles\u00bb. Par le portrait, il tend \u00e0 leur rendre une dignit\u00e9 l\u00e9gitime. Interpell\u00e9 par leurs visages marqu\u00e9s par le v\u00e9cu, Mustapha El Basri veut les rendre \u00abvisibles\u00bb&#8230;<\/p>\n","protected":false},"excerpt":{"rendered":"<p>La Fondation Hassan II pour les Marocains R\u00e9sidant \u00e0 l\u2019\u00c9tranger organise une exposition photographique intitul\u00e9e \u00abJe viens d\u2019un regard qui traverse\u00bb, \u0153uvre de l\u2019artiste photographe marocain Mustapha El Basri, qui r\u00e9side aux \u00c9tats-Unis. L\u2019exposition se tient du 19 juin au 19 juillet prochain \u00e0 la galerie Espace Rivages \u00e0 Rabat. N\u00e9 \u00e0 Rabat en 1959, &hellip;<\/p>\n","protected":false},"author":9,"featured_media":36469,"comment_status":"open","ping_status":"closed","sticky":false,"template":"","format":"standard","meta":{"footnotes":""},"categories":[341],"tags":[],"class_list":["post-36477","post","type-post","status-publish","format-standard","has-post-thumbnail","hentry","category-exposition"],"_links":{"self":[{"href":"https:\/\/letempsmag.ma\/index.php?rest_route=\/wp\/v2\/posts\/36477","targetHints":{"allow":["GET"]}}],"collection":[{"href":"https:\/\/letempsmag.ma\/index.php?rest_route=\/wp\/v2\/posts"}],"about":[{"href":"https:\/\/letempsmag.ma\/index.php?rest_route=\/wp\/v2\/types\/post"}],"author":[{"embeddable":true,"href":"https:\/\/letempsmag.ma\/index.php?rest_route=\/wp\/v2\/users\/9"}],"replies":[{"embeddable":true,"href":"https:\/\/letempsmag.ma\/index.php?rest_route=%2Fwp%2Fv2%2Fcomments&post=36477"}],"version-history":[{"count":1,"href":"https:\/\/letempsmag.ma\/index.php?rest_route=\/wp\/v2\/posts\/36477\/revisions"}],"predecessor-version":[{"id":36478,"href":"https:\/\/letempsmag.ma\/index.php?rest_route=\/wp\/v2\/posts\/36477\/revisions\/36478"}],"wp:featuredmedia":[{"embeddable":true,"href":"https:\/\/letempsmag.ma\/index.php?rest_route=\/wp\/v2\/media\/36469"}],"wp:attachment":[{"href":"https:\/\/letempsmag.ma\/index.php?rest_route=%2Fwp%2Fv2%2Fmedia&parent=36477"}],"wp:term":[{"taxonomy":"category","embeddable":true,"href":"https:\/\/letempsmag.ma\/index.php?rest_route=%2Fwp%2Fv2%2Fcategories&post=36477"},{"taxonomy":"post_tag","embeddable":true,"href":"https:\/\/letempsmag.ma\/index.php?rest_route=%2Fwp%2Fv2%2Ftags&post=36477"}],"curies":[{"name":"wp","href":"https:\/\/api.w.org\/{rel}","templated":true}]}}