{"id":36471,"date":"2025-06-16T11:31:11","date_gmt":"2025-06-16T10:31:11","guid":{"rendered":"https:\/\/letempsmag.ma\/?p=36471"},"modified":"2025-06-16T11:31:11","modified_gmt":"2025-06-16T10:31:11","slug":"kylian-mbappe-nouveau-visage-de-la-campagne-all-accor-dont-be-a-guest-be-a-guest-star","status":"publish","type":"post","link":"https:\/\/letempsmag.ma\/?p=36471","title":{"rendered":"Kylian Mbapp\u00e9, nouveau visage de la campagne ALL Accor \u00abDon\u2019t be a Guest, be a Guest Star\u00bb"},"content":{"rendered":"\n<p>Et si le summum de l\u2019hospitalit\u00e9, consistait \u00e0 \u00eatre re\u00e7u comme une star mondiale n\u2019importe o\u00f9 dans le monde&nbsp;? Avec ALL Accor, plateforme de r\u00e9servation et programme de fid\u00e9lit\u00e9 du groupe Accor, ce n\u2019est plus une simple promesse, c\u2019est une r\u00e9alit\u00e9. La marque vient, en effet, de r\u00e9v\u00e9ler sa nouvelle campagne de marque \u00abDon\u2019t be a guest, be a guest star\u00bb incarn\u00e9e par le footballeur Kylian Mbapp\u00e9.<\/p>\n\n\n\n<p>\u00abALL Accor est bien plus qu\u2019une simple plateforme de r\u00e9servation, c\u2019est un v\u00e9ritable catalyseur d\u2019exp\u00e9riences, port\u00e9 par un programme de fid\u00e9lit\u00e9 ambitieux qui transforme chaque s\u00e9jour en un moment m\u00e9morable. Avec plus de 100 millions de membres, ce programme ne cesse de s\u2019imposer comme l\u2019un des plus engageants au monde, preuve de sa capacit\u00e9 \u00e0 fid\u00e9liser et inspirer. Avec ALL Accor, les voyageurs, qu\u2019il s\u2019agisse de Kylian Mbapp\u00e9 ou d\u2019explorateurs du quotidien, sont assur\u00e9s d\u2019une attention singuli\u00e8re, sans aucune distinction, pour vivre une exp\u00e9rience v\u00e9ritablement exceptionnelle tout au long de leur voyage, du moment o\u00f9 ils r\u00e9servent jusqu\u2019\u00e0 l\u2019apr\u00e8s-s\u00e9jour\u00bb., d\u00e9clare Alix Boulnois, Directrice G\u00e9n\u00e9rale Commercial, Digital &amp; Tech, du groupe Accor.<\/p>\n\n\n\n<p><em>Dont\u2019t be a Guest, be a Guest Star<\/em><\/p>\n\n\n\n<p>Avec sa nouvelle campagne imagin\u00e9e par l\u2019agence Ogilvy \u00abDon\u2019t be a Guest, be a Guest Star\u00bb, port\u00e9e par un ton l\u00e9ger et complice, la campagne met en sc\u00e8ne Kylian Mbapp\u00e9 arrivant dans un h\u00f4tel en m\u00eame temps que d\u2019autres clients. Tr\u00e8s vite, le personnel est confront\u00e9 \u00e0 un dilemme&nbsp;: qui accueillir en premier&nbsp;? Une situation qui r\u00e9v\u00e8le rapidement l\u2019essence de la campagne. Avec ALL Accor, chaque client compte. Star internationale ou voyageur anonyme, tous b\u00e9n\u00e9ficient de la m\u00eame consid\u00e9ration, avec un service qui s\u2019adapte aux envies et besoins de chacun. \u00c0 travers les enseignes Sofitel, Fairmont, Rixos, Ibis ou encore Novotel, la campagne illustre une hospitalit\u00e9 pens\u00e9e dans les moindres d\u00e9tails&nbsp;: pr\u00e9server l\u2019intimit\u00e9 des clients, organiser une sortie priv\u00e9e en bateau, leur offrir un moment de d\u00e9tente au spa ou un acc\u00e8s exclusif aux coulisses des cuisines&#8230; Chaque exp\u00e9rience est pens\u00e9e pour r\u00e9pondre \u00e0 leurs d\u00e9sirs les plus sp\u00e9cifiques.<\/p>\n\n\n\n<p>\u00abCe que j\u2019aime avec cette campagne, c\u2019est qu\u2019elle dit quelque chose de simple&nbsp;: chacun m\u00e9rite de se sentir sp\u00e9cial. Nous m\u00e9ritons tous de vivre des moments uniques, peu importe qui nous sommes ou d\u2019o\u00f9 nous venons. Ma relation avec ALL Accor n\u2019est pas juste un partenariat. C\u2019est une histoire qui dure, parce qu\u2019on partage la m\u00eame vision des choses&nbsp;: l\u2019exigence, le respect et l\u2019envie de bien faire\u00bb, d\u00e9clare Kylian Mbapp\u00e9.<\/p>\n\n\n\n<p>D\u00e9ploy\u00e9e dans des march\u00e9s majeurs du groupe Accor (France, Royaume-Uni, Allemagne, Australie, Br\u00e9sil, Chine\u2026) depuis le 12 juin courant, cette nouvelle campagne s\u2019inscrit dans un dispositif 360 degr\u00e9s articul\u00e9 autour d\u2019un film et de visuels, diffus\u00e9s sur les r\u00e9seaux sociaux, en publicit\u00e9 vid\u00e9o en ligne (VOL) pendant deux mois, et en affichage digital dans les a\u00e9roports (DOOH) pendant un mois.<\/p>\n\n\n\n<p>Le dispositif est \u00e9galement d\u00e9clin\u00e9 avec une activation influence&nbsp;: cinq cr\u00e9ateurs de contenu tri\u00e9s sur le volet ont \u00e9t\u00e9 ajout\u00e9s \u00e0 la liste \u00abAmis Proches\u00bb de Kylian Mbapp\u00e9 sur le r\u00e9seau Instagram et ont pu d\u00e9couvrir, via ses stories priv\u00e9es, des informations exclusives autour de la campagne. En compl\u00e9ment, l\u2019un d\u2019entre eux sera invit\u00e9 \u00e0 vivre une v\u00e9ritable parenth\u00e8se de \u00abGuest Star\u00bb lors d\u2019un voyage pens\u00e9 dans les moindres d\u00e9tails, avec un service personnalis\u00e9 et une attention port\u00e9e \u00e0 chaque instant.<\/p>\n\n\n\n<p><em>Une collaboration port\u00e9e par des valeurs communes<\/em><\/p>\n\n\n\n<p>Depuis juillet 2024, Accor et Kylian Mbapp\u00e9 construisent une histoire commune, notamment \u00e0 travers d\u2019initiatives solidaires comme \u00abWe Care for ALL\u00bb, un programme port\u00e9 par l\u2019association Inspired by KM et soutenu activement par Accor. Il offre \u00e0 des jeunes l\u2019opportunit\u00e9 de d\u00e9couvrir le monde \u00e0 travers des activit\u00e9s sportives et culturelles. Kylian Mbapp\u00e9 devient aujourd\u2019hui le visage de la nouvelle campagne ALL Accor. Ic\u00f4ne du d\u00e9passement de soi, de l\u2019excellence et de la g\u00e9n\u00e9rosit\u00e9, il incarne avec \u00e9vidence les valeurs port\u00e9es par Accor \u00e0 travers son programme de fid\u00e9lit\u00e9&nbsp;: celles d\u2019une hospitalit\u00e9 sinc\u00e8re, inclusive et tourn\u00e9e vers l\u2019autre. &nbsp;En tant qu\u2019Ambassadeur du football fran\u00e7ais et figure internationale, le footballeur voyage au rythme de ses engagements sportifs et conna\u00eet l\u2019importance d\u2019un accueil sinc\u00e8re et attentif. Avec ALL Accor, il choisit un service de qualit\u00e9 et une attention port\u00e9e \u00e0 chacun.<\/p>\n\n\n\n<p><\/p>\n","protected":false},"excerpt":{"rendered":"<p>Et si le summum de l\u2019hospitalit\u00e9, consistait \u00e0 \u00eatre re\u00e7u comme une star mondiale n\u2019importe o\u00f9 dans le monde&nbsp;? Avec ALL Accor, plateforme de r\u00e9servation et programme de fid\u00e9lit\u00e9 du groupe Accor, ce n\u2019est plus une simple promesse, c\u2019est une r\u00e9alit\u00e9. La marque vient, en effet, de r\u00e9v\u00e9ler sa nouvelle campagne de marque \u00abDon\u2019t be &hellip;<\/p>\n","protected":false},"author":9,"featured_media":36468,"comment_status":"open","ping_status":"closed","sticky":false,"template":"","format":"standard","meta":{"footnotes":""},"categories":[59],"tags":[],"class_list":["post-36471","post","type-post","status-publish","format-standard","has-post-thumbnail","hentry","category-communication"],"_links":{"self":[{"href":"https:\/\/letempsmag.ma\/index.php?rest_route=\/wp\/v2\/posts\/36471","targetHints":{"allow":["GET"]}}],"collection":[{"href":"https:\/\/letempsmag.ma\/index.php?rest_route=\/wp\/v2\/posts"}],"about":[{"href":"https:\/\/letempsmag.ma\/index.php?rest_route=\/wp\/v2\/types\/post"}],"author":[{"embeddable":true,"href":"https:\/\/letempsmag.ma\/index.php?rest_route=\/wp\/v2\/users\/9"}],"replies":[{"embeddable":true,"href":"https:\/\/letempsmag.ma\/index.php?rest_route=%2Fwp%2Fv2%2Fcomments&post=36471"}],"version-history":[{"count":1,"href":"https:\/\/letempsmag.ma\/index.php?rest_route=\/wp\/v2\/posts\/36471\/revisions"}],"predecessor-version":[{"id":36472,"href":"https:\/\/letempsmag.ma\/index.php?rest_route=\/wp\/v2\/posts\/36471\/revisions\/36472"}],"wp:featuredmedia":[{"embeddable":true,"href":"https:\/\/letempsmag.ma\/index.php?rest_route=\/wp\/v2\/media\/36468"}],"wp:attachment":[{"href":"https:\/\/letempsmag.ma\/index.php?rest_route=%2Fwp%2Fv2%2Fmedia&parent=36471"}],"wp:term":[{"taxonomy":"category","embeddable":true,"href":"https:\/\/letempsmag.ma\/index.php?rest_route=%2Fwp%2Fv2%2Fcategories&post=36471"},{"taxonomy":"post_tag","embeddable":true,"href":"https:\/\/letempsmag.ma\/index.php?rest_route=%2Fwp%2Fv2%2Ftags&post=36471"}],"curies":[{"name":"wp","href":"https:\/\/api.w.org\/{rel}","templated":true}]}}