{"id":36462,"date":"2025-06-15T11:53:00","date_gmt":"2025-06-15T10:53:00","guid":{"rendered":"https:\/\/letempsmag.ma\/?p=36462"},"modified":"2025-06-15T12:50:50","modified_gmt":"2025-06-15T11:50:50","slug":"sahara-marocain-2025-annee-charniere","status":"publish","type":"post","link":"https:\/\/letempsmag.ma\/?p=36462","title":{"rendered":"Sahara marocain : 2025, ann\u00e9e charni\u00e8re"},"content":{"rendered":"\n<p>Pendant des d\u00e9cennies, la rigidit\u00e9 de la position alg\u00e9rienne et de ses affid\u00e9s s\u00e9paratistes sur le Sahara a laiss\u00e9 ce dossier v\u00e9g\u00e9ter dans les tiroirs de l\u2019ONU en perp\u00e9tuant un statu quo qui profitait avant tout \u00e0 la junte militaire dirigeante \u00e0 Alger. Cependant, depuis l\u2019intronisation du Souverain, le Maroc a commenc\u00e9 \u00e0 revoir sa d\u00e9marche, qui a donn\u00e9 lieu \u00e0 la proposition d\u2019autonomie en 2007. Ce plan \u00e9cart\u00e9 du revers de la main \u00e0 Alger, qui cherche \u00e0 perp\u00e9tuer un conflit mont\u00e9 de toutes pi\u00e8ces, a fini par s\u2019imposer au fil des ann\u00e9es comme la SEULE solution r\u00e9aliste, pacifique et durable au diff\u00e9rend.<\/p>\n\n\n\n<p>Aujourd\u2019hui, on assiste \u00e0 un consensus international qui ne cesse de se raffermir avec de nouvelles reconnaissances de la pertinence et du pragmatisme de cette solution. Si 85% des membres de l\u2019ONU ont apport\u00e9 leur soutien au Plan d\u2019autonomie, cela veut dire que la chose est pli\u00e9e ou presque ! L\u2019enterrement de l\u2019option r\u00e9f\u00e9rendaire, ch\u00e8re \u00e0 Alger, est infaisable sur le terrain. Cette convergence de la communaut\u00e9 internationale prend d\u2019autant plus de poids que 3 membres sur les 5 permanents du Conseil de S\u00e9curit\u00e9 ont reconnu le plan d\u2019autonomie comme seule solution viable, \u00e0 savoir les \u00c9tats-Unis, la France et la Grande-Bretagne.<\/p>\n\n\n\n<p>S\u00e9rieux, cr\u00e9dible et r\u00e9aliste, le plan d\u2019autonomie rallie de plus en plus d\u2019Etats en Europe, en Afrique, en Asie et en Am\u00e9rique latine. Ce tournant strat\u00e9gique est d\u2019autant plus confort\u00e9 par les probl\u00e8mes s\u00e9curitaires dans le Nord du continent africain, notamment la menace jihadiste et les connexions entre les s\u00e9paratistes et les terroristes. D\u00e9sormais, on s\u2019achemine clairement vers la fin d\u2019un anachronisme entre deux visions, l\u2019une moderne, l\u2019autre pass\u00e9iste. \u00c0 la veille du 50\u00e8me anniversaire de la Marche Verte, force est de constater que la donne a chang\u00e9.<\/p>\n\n\n\n<p>Le Maroc, partisan de la paix, du d\u00e9veloppement local endog\u00e8ne et qui assume ses responsabilit\u00e9s contraste avec l\u2019Alg\u00e9rie, qui v\u00e9g\u00e8te encore dans une id\u00e9ologie arm\u00e9e, d\u00e9pass\u00e9e et d\u00e9su\u00e8te, qui fuit en avant et qui entrave tout processus de paix au Sahara. La communaut\u00e9 internationale n\u2019est pas dupe. Elle comprend qu\u2019Alger veut \u00e0 tout prix maintenir un statu quo. Elle en a pris acte et elle a r\u00e9agi en cons\u00e9quence. De fait, Alger r\u00e9colte aujourd\u2019hui les fruits de ses positions malveillantes et se retrouve isol\u00e9e sur le plan international. En revanche, le Maroc, avec sa d\u00e9marche proactive, pourrait bien renverser la vapeur et trouver une issue pacifique \u00e0 ce conflit dans les prochaines ann\u00e9es.<\/p>\n\n\n\n<p>La R\u00e9daction<\/p>\n","protected":false},"excerpt":{"rendered":"<p>Pendant des d\u00e9cennies, la rigidit\u00e9 de la position alg\u00e9rienne et de ses affid\u00e9s s\u00e9paratistes sur le Sahara a laiss\u00e9 ce dossier v\u00e9g\u00e9ter dans les tiroirs de l\u2019ONU en perp\u00e9tuant un statu quo qui profitait avant tout \u00e0 la junte militaire dirigeante \u00e0 Alger. Cependant, depuis l\u2019intronisation du Souverain, le Maroc a commenc\u00e9 \u00e0 revoir sa &hellip;<\/p>\n","protected":false},"author":9,"featured_media":30319,"comment_status":"open","ping_status":"closed","sticky":false,"template":"","format":"standard","meta":{"footnotes":""},"categories":[44],"tags":[],"class_list":["post-36462","post","type-post","status-publish","format-standard","has-post-thumbnail","hentry","category-edito"],"_links":{"self":[{"href":"https:\/\/letempsmag.ma\/index.php?rest_route=\/wp\/v2\/posts\/36462","targetHints":{"allow":["GET"]}}],"collection":[{"href":"https:\/\/letempsmag.ma\/index.php?rest_route=\/wp\/v2\/posts"}],"about":[{"href":"https:\/\/letempsmag.ma\/index.php?rest_route=\/wp\/v2\/types\/post"}],"author":[{"embeddable":true,"href":"https:\/\/letempsmag.ma\/index.php?rest_route=\/wp\/v2\/users\/9"}],"replies":[{"embeddable":true,"href":"https:\/\/letempsmag.ma\/index.php?rest_route=%2Fwp%2Fv2%2Fcomments&post=36462"}],"version-history":[{"count":2,"href":"https:\/\/letempsmag.ma\/index.php?rest_route=\/wp\/v2\/posts\/36462\/revisions"}],"predecessor-version":[{"id":36464,"href":"https:\/\/letempsmag.ma\/index.php?rest_route=\/wp\/v2\/posts\/36462\/revisions\/36464"}],"wp:featuredmedia":[{"embeddable":true,"href":"https:\/\/letempsmag.ma\/index.php?rest_route=\/wp\/v2\/media\/30319"}],"wp:attachment":[{"href":"https:\/\/letempsmag.ma\/index.php?rest_route=%2Fwp%2Fv2%2Fmedia&parent=36462"}],"wp:term":[{"taxonomy":"category","embeddable":true,"href":"https:\/\/letempsmag.ma\/index.php?rest_route=%2Fwp%2Fv2%2Fcategories&post=36462"},{"taxonomy":"post_tag","embeddable":true,"href":"https:\/\/letempsmag.ma\/index.php?rest_route=%2Fwp%2Fv2%2Ftags&post=36462"}],"curies":[{"name":"wp","href":"https:\/\/api.w.org\/{rel}","templated":true}]}}