{"id":36336,"date":"2025-06-14T11:46:14","date_gmt":"2025-06-14T10:46:14","guid":{"rendered":"https:\/\/letempsmag.ma\/?p=36336"},"modified":"2025-06-14T11:46:14","modified_gmt":"2025-06-14T10:46:14","slug":"tesla-cree-une-filiale-au-maroc-en-prelude-a-son-expansion-africaine","status":"publish","type":"post","link":"https:\/\/letempsmag.ma\/?p=36336","title":{"rendered":"Tesla cr\u00e9e une filiale au Maroc en pr\u00e9lude \u00e0 son expansion africaine"},"content":{"rendered":"\n<p>Tesla a officiellement fait le premier pas pour entrer sur le march\u00e9 marocain avec la cr\u00e9ation d\u2019une nouvelle filiale, Tesla Maroc, marquant la premi\u00e8re incursion directe du constructeur am\u00e9ricain Tesla en Afrique. Cr\u00e9\u00e9e le 27 mai dernier, la nouvelle entit\u00e9 est enregistr\u00e9e conjointement par Tesla International BV et Tesla Motors Netherlands BV, deux entit\u00e9s n\u00e9erlandaises qui g\u00e8rent les op\u00e9rations mondiales de Tesla.<\/p>\n\n\n\n<p>Les dirigeants Rafael Arqueza Martin et Shahin Oliver Khorshidpanah dirigeront les op\u00e9rations de Tesla Maroc, qui comprendront l\u2019importation, la distribution et l\u2019entretien des v\u00e9hicules \u00e9lectriques, ainsi que le d\u00e9ploiement de solutions d\u2019\u00e9nergie solaire et de stockage de batteries \u00e0 travers le pays. La soci\u00e9t\u00e9 a son si\u00e8ge social dans la Crystal Tower \u00e0 Casablanca Marina, l\u2019un des principaux quartiers d\u2019affaires au Maroc.<\/p>\n\n\n\n<p>Bien que ce soit la premi\u00e8re fois que Tesla cr\u00e9e une entit\u00e9 officielle en Afrique, ce n\u2019est pas la premi\u00e8re incursion de Tesla sur le continent, ni au Maroc. En 2021, le g\u00e9ant am\u00e9ricain avait install\u00e9 ses premiers chargeurs du continent \u00e0 Casablanca et \u00e0 Tanger, ainsi que quatre autres stations qui avaient d\u00e9marr\u00e9, depuis, dans le pays.<\/p>\n\n\n\n<p>D\u00e9sormais, Tesla Maroc supervisera l\u2019expansion du r\u00e9seau de recharge national, parall\u00e8lement \u00e0 des projets visant \u00e0 promouvoir d\u2019autres secteurs d\u2019activit\u00e9 de Tesla, notamment l\u2019\u00e9nergie solaire, le stockage de batteries et les syst\u00e8mes de gestion \u00e9nerg\u00e9tique.<\/p>\n","protected":false},"excerpt":{"rendered":"<p>Tesla a officiellement fait le premier pas pour entrer sur le march\u00e9 marocain avec la cr\u00e9ation d\u2019une nouvelle filiale, Tesla Maroc, marquant la premi\u00e8re incursion directe du constructeur am\u00e9ricain Tesla en Afrique. Cr\u00e9\u00e9e le 27 mai dernier, la nouvelle entit\u00e9 est enregistr\u00e9e conjointement par Tesla International BV et Tesla Motors Netherlands BV, deux entit\u00e9s n\u00e9erlandaises &hellip;<\/p>\n","protected":false},"author":9,"featured_media":36321,"comment_status":"open","ping_status":"closed","sticky":false,"template":"","format":"standard","meta":{"footnotes":""},"categories":[121],"tags":[],"class_list":["post-36336","post","type-post","status-publish","format-standard","has-post-thumbnail","hentry","category-automobile"],"_links":{"self":[{"href":"https:\/\/letempsmag.ma\/index.php?rest_route=\/wp\/v2\/posts\/36336","targetHints":{"allow":["GET"]}}],"collection":[{"href":"https:\/\/letempsmag.ma\/index.php?rest_route=\/wp\/v2\/posts"}],"about":[{"href":"https:\/\/letempsmag.ma\/index.php?rest_route=\/wp\/v2\/types\/post"}],"author":[{"embeddable":true,"href":"https:\/\/letempsmag.ma\/index.php?rest_route=\/wp\/v2\/users\/9"}],"replies":[{"embeddable":true,"href":"https:\/\/letempsmag.ma\/index.php?rest_route=%2Fwp%2Fv2%2Fcomments&post=36336"}],"version-history":[{"count":1,"href":"https:\/\/letempsmag.ma\/index.php?rest_route=\/wp\/v2\/posts\/36336\/revisions"}],"predecessor-version":[{"id":36337,"href":"https:\/\/letempsmag.ma\/index.php?rest_route=\/wp\/v2\/posts\/36336\/revisions\/36337"}],"wp:featuredmedia":[{"embeddable":true,"href":"https:\/\/letempsmag.ma\/index.php?rest_route=\/wp\/v2\/media\/36321"}],"wp:attachment":[{"href":"https:\/\/letempsmag.ma\/index.php?rest_route=%2Fwp%2Fv2%2Fmedia&parent=36336"}],"wp:term":[{"taxonomy":"category","embeddable":true,"href":"https:\/\/letempsmag.ma\/index.php?rest_route=%2Fwp%2Fv2%2Fcategories&post=36336"},{"taxonomy":"post_tag","embeddable":true,"href":"https:\/\/letempsmag.ma\/index.php?rest_route=%2Fwp%2Fv2%2Ftags&post=36336"}],"curies":[{"name":"wp","href":"https:\/\/api.w.org\/{rel}","templated":true}]}}