{"id":36327,"date":"2025-06-14T11:35:25","date_gmt":"2025-06-14T10:35:25","guid":{"rendered":"https:\/\/letempsmag.ma\/?p=36327"},"modified":"2025-06-14T11:35:25","modified_gmt":"2025-06-14T10:35:25","slug":"maroc-le-royaume-des-cavaliers-un-documentaire-exceptionnel-de-2m-sur-lart-de-la-tbourida","status":"publish","type":"post","link":"https:\/\/letempsmag.ma\/?p=36327","title":{"rendered":"\u00abMaroc, le Royaume des Cavaliers\u00bb, un documentaire exceptionnel de 2M sur l\u2019art de la Tbourida"},"content":{"rendered":"\n<p>Dans le cadre de sa strat\u00e9gie de production de documentaires patrimoniaux, la cha\u00eene de t\u00e9l\u00e9vision 2M pr\u00e9sente demain 15 juin \u00e0 22h son documentaire in\u00e9dit \u00abMaroc, le Royaume des Cavaliers\u00bb. R\u00e9alis\u00e9 en partenariat avec la Soci\u00e9t\u00e9 Royale d\u2019Encouragement du Cheval (SOREC), ce film documentaire captivant plonge les t\u00e9l\u00e9spectateurs au c\u0153ur de la Tbourida, cet art \u00e9questre ancestral qui incarne la fiert\u00e9, la tradition et le savoir-faire marocain.<\/p>\n\n\n\n<p>\u00c0 travers des images spectaculaires et des t\u00e9moignages \u00e9mouvants, ce documentaire met en lumi\u00e8re une pratique culturelle profond\u00e9ment enracin\u00e9e dans l\u2019identit\u00e9 nationale. \u00abMaroc, le Royaume des Cavaliers\u00bb est une invitation \u00e0 voyager au c\u0153ur du patrimoine marocain, \u00e0 comprendre et \u00e0 c\u00e9l\u00e9brer une tradition qui fait la fiert\u00e9 du pays, contribuant ainsi \u00e0 faire rayonner sa culture au-del\u00e0 des fronti\u00e8res.&nbsp;<\/p>\n\n\n\n<p><strong><em>Images in\u00e9dites et immersion sensorielle<\/em><\/strong><\/p>\n\n\n\n<p>Le documentaire se distingue par sa qualit\u00e9 visuelle et son travail sonore exceptionnel. Gr\u00e2ce \u00e0 des prises de vue a\u00e9riennes spectaculaires et des plans rapproch\u00e9s saisissants, les t\u00e9l\u00e9spectateurs pourront ressentir le souffle des chevaux au galop et l\u2019\u00e9motion intense qui anime les cavaliers. Les paysages marocains, des plaines du Gharb aux contreforts de l\u2019Atlas, servent d\u2019\u00e9crin naturel \u00e0 cette performance \u00e9questre, renfor\u00e7ant la dimension \u00e9pique de la Tbourida.<\/p>\n\n\n\n<p>Le film capture non seulement la beaut\u00e9 de cet art \u00e9questre, mais aussi son \u00e2me, sa dimension spirituelle et son importance sociale, pour mieux restituer toute la grandeur de cette pratique ancestrale et sublimer les merveilles de l\u2019artisanat marocain qui l\u2019accompagne.<\/p>\n\n\n\n<p><strong><em>L\u2019art \u00e9questre marocain s\u2019exporte \u00e0 Doha<\/em><\/strong><\/p>\n\n\n\n<p>Le documentaire fait la part belle \u00e0 la participation remarquable de cinq Sorbas (troupes) regroupant 50 cavaliers marocains lors du \u00abTbourida Show\u00bb qui avait marqu\u00e9 la cl\u00f4ture de l\u2019Ann\u00e9e Culturelle Maroc-Qatar en 2024. C\u2019\u00e9tait un \u00e9v\u00e9nement spectaculaire qui avait \u00e9t\u00e9 pr\u00e9sid\u00e9 par Son Altesse Royale la Princesse Lalla Hasnaa, en pr\u00e9sence de Son Excellence Sheikha Sara Bint Hamad Al Thani. Le documentaire retrace avec passion le parcours de ces hommes et de leurs montures, depuis les pr\u00e9paratifs jusqu\u2019\u00e0 leur prestation devant un public international, sublimant ainsi le dialogue culturel entre les deux nations.&nbsp;<\/p>\n\n\n\n<p><strong><em>Une tradition qui rassemble et fascine<\/em><\/strong><\/p>\n\n\n\n<p>Au-del\u00e0 de son aspect spectaculaire, la Tbourida reste un v\u00e9ritable legs social, transmis de g\u00e9n\u00e9ration en g\u00e9n\u00e9ration. Le documentaire donne la parole \u00e0 des cavaliers et des passionn\u00e9s, qui partagent leur vision de cette pratique. Leurs t\u00e9moignages r\u00e9v\u00e8lent comment la Tbourida d\u00e9passe le simple spectacle pour incarner des valeurs de&nbsp;courage, de discipline et d\u2019appartenance \u00e0 une communaut\u00e9.<\/p>\n\n\n\n<p>\u00abMaroc, le Royaume des Cavaliers\u00bb est attendu comme l\u2019un des \u00e9v\u00e9nements t\u00e9l\u00e9visuels majeurs de l\u2019ann\u00e9e, alliant patrimoine, \u00e9motion et technicit\u00e9. Le documentaire a \u00e9t\u00e9 r\u00e9alis\u00e9 en trois langues (arabe, fran\u00e7ais et anglais) par Fr\u00e9d\u00e9ric Coconnier et Franck Beugneit. La production ex\u00e9cutive a \u00e9t\u00e9 assur\u00e9e par la soci\u00e9t\u00e9 Sigma. La version fran\u00e7aise sera diffus\u00e9e sur 2M demain dimanche 15 juin \u00e0 partir de 22h.<\/p>\n","protected":false},"excerpt":{"rendered":"<p>Dans le cadre de sa strat\u00e9gie de production de documentaires patrimoniaux, la cha\u00eene de t\u00e9l\u00e9vision 2M pr\u00e9sente demain 15 juin \u00e0 22h son documentaire in\u00e9dit \u00abMaroc, le Royaume des Cavaliers\u00bb. R\u00e9alis\u00e9 en partenariat avec la Soci\u00e9t\u00e9 Royale d\u2019Encouragement du Cheval (SOREC), ce film documentaire captivant plonge les t\u00e9l\u00e9spectateurs au c\u0153ur de la Tbourida, cet art &hellip;<\/p>\n","protected":false},"author":9,"featured_media":36322,"comment_status":"open","ping_status":"closed","sticky":false,"template":"","format":"standard","meta":{"footnotes":""},"categories":[56],"tags":[],"class_list":["post-36327","post","type-post","status-publish","format-standard","has-post-thumbnail","hentry","category-patrimoine"],"_links":{"self":[{"href":"https:\/\/letempsmag.ma\/index.php?rest_route=\/wp\/v2\/posts\/36327","targetHints":{"allow":["GET"]}}],"collection":[{"href":"https:\/\/letempsmag.ma\/index.php?rest_route=\/wp\/v2\/posts"}],"about":[{"href":"https:\/\/letempsmag.ma\/index.php?rest_route=\/wp\/v2\/types\/post"}],"author":[{"embeddable":true,"href":"https:\/\/letempsmag.ma\/index.php?rest_route=\/wp\/v2\/users\/9"}],"replies":[{"embeddable":true,"href":"https:\/\/letempsmag.ma\/index.php?rest_route=%2Fwp%2Fv2%2Fcomments&post=36327"}],"version-history":[{"count":1,"href":"https:\/\/letempsmag.ma\/index.php?rest_route=\/wp\/v2\/posts\/36327\/revisions"}],"predecessor-version":[{"id":36328,"href":"https:\/\/letempsmag.ma\/index.php?rest_route=\/wp\/v2\/posts\/36327\/revisions\/36328"}],"wp:featuredmedia":[{"embeddable":true,"href":"https:\/\/letempsmag.ma\/index.php?rest_route=\/wp\/v2\/media\/36322"}],"wp:attachment":[{"href":"https:\/\/letempsmag.ma\/index.php?rest_route=%2Fwp%2Fv2%2Fmedia&parent=36327"}],"wp:term":[{"taxonomy":"category","embeddable":true,"href":"https:\/\/letempsmag.ma\/index.php?rest_route=%2Fwp%2Fv2%2Fcategories&post=36327"},{"taxonomy":"post_tag","embeddable":true,"href":"https:\/\/letempsmag.ma\/index.php?rest_route=%2Fwp%2Fv2%2Ftags&post=36327"}],"curies":[{"name":"wp","href":"https:\/\/api.w.org\/{rel}","templated":true}]}}