{"id":36317,"date":"2025-06-13T12:49:01","date_gmt":"2025-06-13T11:49:01","guid":{"rendered":"https:\/\/letempsmag.ma\/?p=36317"},"modified":"2025-06-13T12:49:01","modified_gmt":"2025-06-13T11:49:01","slug":"visa-associe-son-image-a-lamine-yamal-pour-la-coupe-du-monde-2026","status":"publish","type":"post","link":"https:\/\/letempsmag.ma\/?p=36317","title":{"rendered":"VISA associe son image \u00e0 Lamine Yamal pour la Coupe du Monde 2026"},"content":{"rendered":"\n<p>\u00c0 un an du coup d\u2019envoi de la Coupe du Monde de la FIFA 26, qui se tiendra au Canada, au Mexique et aux \u00c9tats-Unis, Visa, leader mondial des paiements num\u00e9riques et partenaire historique du football mondial, d\u00e9voile son nouvel Ambassadeur mondial pour le tournoi&nbsp;: le ph\u00e9nom\u00e8ne marocain du football, Lamine Yamal.<\/p>\n\n\n\n<p>Pour c\u00e9l\u00e9brer ce cap symbolique et faire monter l\u2019enthousiasme autour du Mondial 2026, Visa proposera des exp\u00e9riences exclusives aux fans d\u00e9tenteurs d\u2019une carte Visa. Parmi elles&nbsp;: des rencontres avec Lamine Yamal \u00e0 Barcelone ainsi que des objets d\u00e9dicac\u00e9s en amont de la Coupe du Monde.<\/p>\n\n\n\n<p>\u00abLamine incarne l\u2019avenir du football&nbsp;: audacieux, prometteur et porteur d\u2019une \u00e9nergie nouvelle\u00bb, d\u00e9clare Tarek Abdallah, Directeur Marketing de Visa pour la r\u00e9gion Europe Centrale, Moyen-Orient et Afrique (CEMEA). \u00abChez Visa, nous cherchons en permanence de nouvelles fa\u00e7ons de cr\u00e9er du lien avec les fans gr\u00e2ce au pouvoir du sport. En tant qu\u2019Ambassadeur Visa de la Coupe du Monde de la FIFA, Lamine refl\u00e8te l\u2019esprit et la passion du beau jeu, inspirant des millions de supporters \u00e0 travers le monde\u00bb.<\/p>\n\n\n\n<p>Ph\u00e9nom\u00e8ne mondial du ballon rond \u00e2ge d\u2019\u00e0 peine 17 ans, Lamine Yamal impressionne la plan\u00e8te football par ses performances. Son agilit\u00e9, sa vitesse et sa vision du jeu font de lui une \u00e9toile montante au rayonnement plan\u00e9taire et le symbole d\u2019une nouvelle g\u00e9n\u00e9ration dans le football.<\/p>\n\n\n\n<p>Commentant ce partenariat, Lamine Yamal a d\u00e9clar\u00e9&nbsp;: \u00abLe football, c\u2019est plus qu\u2019un sport&nbsp;! C\u2019est une source de joie et un moyen de rassembler les gens aux quatre coins du monde. Je suis fier de m\u2019associer \u00e0 Visa pour partager cette passion et inspirer \u00e0 mon tour par le sport\u00bb.<\/p>\n","protected":false},"excerpt":{"rendered":"<p>\u00c0 un an du coup d\u2019envoi de la Coupe du Monde de la FIFA 26, qui se tiendra au Canada, au Mexique et aux \u00c9tats-Unis, Visa, leader mondial des paiements num\u00e9riques et partenaire historique du football mondial, d\u00e9voile son nouvel Ambassadeur mondial pour le tournoi&nbsp;: le ph\u00e9nom\u00e8ne marocain du football, Lamine Yamal. Pour c\u00e9l\u00e9brer ce &hellip;<\/p>\n","protected":false},"author":9,"featured_media":36296,"comment_status":"open","ping_status":"closed","sticky":false,"template":"","format":"standard","meta":{"footnotes":""},"categories":[754],"tags":[],"class_list":["post-36317","post","type-post","status-publish","format-standard","has-post-thumbnail","hentry","category-sponsoring"],"_links":{"self":[{"href":"https:\/\/letempsmag.ma\/index.php?rest_route=\/wp\/v2\/posts\/36317","targetHints":{"allow":["GET"]}}],"collection":[{"href":"https:\/\/letempsmag.ma\/index.php?rest_route=\/wp\/v2\/posts"}],"about":[{"href":"https:\/\/letempsmag.ma\/index.php?rest_route=\/wp\/v2\/types\/post"}],"author":[{"embeddable":true,"href":"https:\/\/letempsmag.ma\/index.php?rest_route=\/wp\/v2\/users\/9"}],"replies":[{"embeddable":true,"href":"https:\/\/letempsmag.ma\/index.php?rest_route=%2Fwp%2Fv2%2Fcomments&post=36317"}],"version-history":[{"count":1,"href":"https:\/\/letempsmag.ma\/index.php?rest_route=\/wp\/v2\/posts\/36317\/revisions"}],"predecessor-version":[{"id":36318,"href":"https:\/\/letempsmag.ma\/index.php?rest_route=\/wp\/v2\/posts\/36317\/revisions\/36318"}],"wp:featuredmedia":[{"embeddable":true,"href":"https:\/\/letempsmag.ma\/index.php?rest_route=\/wp\/v2\/media\/36296"}],"wp:attachment":[{"href":"https:\/\/letempsmag.ma\/index.php?rest_route=%2Fwp%2Fv2%2Fmedia&parent=36317"}],"wp:term":[{"taxonomy":"category","embeddable":true,"href":"https:\/\/letempsmag.ma\/index.php?rest_route=%2Fwp%2Fv2%2Fcategories&post=36317"},{"taxonomy":"post_tag","embeddable":true,"href":"https:\/\/letempsmag.ma\/index.php?rest_route=%2Fwp%2Fv2%2Ftags&post=36317"}],"curies":[{"name":"wp","href":"https:\/\/api.w.org\/{rel}","templated":true}]}}