{"id":36315,"date":"2025-06-13T12:48:05","date_gmt":"2025-06-13T11:48:05","guid":{"rendered":"https:\/\/letempsmag.ma\/?p=36315"},"modified":"2025-06-13T12:48:05","modified_gmt":"2025-06-13T11:48:05","slug":"en-chine-la-pretendue-rasd-essuie-un-cinglant-echec","status":"publish","type":"post","link":"https:\/\/letempsmag.ma\/?p=36315","title":{"rendered":"En Chine, la pr\u00e9tendue \u00abRASD\u00bb essuie un cinglant \u00e9chec\u00a0!"},"content":{"rendered":"\n<p>Le Forum sur la Coop\u00e9ration Sino-Africaine (FOCAC), dont les travaux se sont tenus le 11 juin \u00e0 Changsha, capitale de la province chinoise du Hunan, a \u00e9t\u00e9 suivi, le 12 juin, par l\u2019inauguration officielle de la 4<sup>\u00e8me<\/sup> Exposition \u00c9conomique et Commerciale Sino-Africaine. Le Forum a de nouveau confirm\u00e9, de mani\u00e8re claire et sans \u00e9quivoque, que la soi-disant \u00abRASD\u00bb ne dispose d\u2019aucune l\u00e9gitimit\u00e9 ni aucune place dans les m\u00e9canismes de coop\u00e9ration sino-africains.<\/p>\n\n\n\n<p>\u00c0 l\u2019instar des \u00e9ditions pr\u00e9c\u00e9dentes du Forum, notamment le Sommet de Beijing en septembre 2024, cet \u00e9v\u00e9nement a connu la participation exclusive des \u00c9tats africains souverains, membres des Nations-Unies et reconnus par la communaut\u00e9 internationale, ainsi que de la R\u00e9publique populaire de Chine et de la Commission de l\u2019Union Africaine.<\/p>\n\n\n\n<p>De fait, la r\u00e9currence de l\u2019absence de la soi-disant \u00abRASD\u00bb dans les enceintes internationales cr\u00e9dibles vient battre en br\u00e8che les all\u00e9gations infond\u00e9es d\u2019une quelconque participation de cette entit\u00e9 aux partenariats strat\u00e9giques du continent africain. Elle confirme que cette entit\u00e9 n\u2019a jamais eu, et n\u2019aura jamais, sa place ni au sein de l\u2019Afrique unie, ni dans ses relations internationales fond\u00e9es sur la l\u00e9gitimit\u00e9, la coop\u00e9ration et la souverainet\u00e9 des \u00c9tats.<\/p>\n","protected":false},"excerpt":{"rendered":"<p>Le Forum sur la Coop\u00e9ration Sino-Africaine (FOCAC), dont les travaux se sont tenus le 11 juin \u00e0 Changsha, capitale de la province chinoise du Hunan, a \u00e9t\u00e9 suivi, le 12 juin, par l\u2019inauguration officielle de la 4\u00e8me Exposition \u00c9conomique et Commerciale Sino-Africaine. Le Forum a de nouveau confirm\u00e9, de mani\u00e8re claire et sans \u00e9quivoque, que &hellip;<\/p>\n","protected":false},"author":9,"featured_media":36298,"comment_status":"open","ping_status":"closed","sticky":false,"template":"","format":"standard","meta":{"footnotes":""},"categories":[68],"tags":[],"class_list":["post-36315","post","type-post","status-publish","format-standard","has-post-thumbnail","hentry","category-politique"],"_links":{"self":[{"href":"https:\/\/letempsmag.ma\/index.php?rest_route=\/wp\/v2\/posts\/36315","targetHints":{"allow":["GET"]}}],"collection":[{"href":"https:\/\/letempsmag.ma\/index.php?rest_route=\/wp\/v2\/posts"}],"about":[{"href":"https:\/\/letempsmag.ma\/index.php?rest_route=\/wp\/v2\/types\/post"}],"author":[{"embeddable":true,"href":"https:\/\/letempsmag.ma\/index.php?rest_route=\/wp\/v2\/users\/9"}],"replies":[{"embeddable":true,"href":"https:\/\/letempsmag.ma\/index.php?rest_route=%2Fwp%2Fv2%2Fcomments&post=36315"}],"version-history":[{"count":1,"href":"https:\/\/letempsmag.ma\/index.php?rest_route=\/wp\/v2\/posts\/36315\/revisions"}],"predecessor-version":[{"id":36316,"href":"https:\/\/letempsmag.ma\/index.php?rest_route=\/wp\/v2\/posts\/36315\/revisions\/36316"}],"wp:featuredmedia":[{"embeddable":true,"href":"https:\/\/letempsmag.ma\/index.php?rest_route=\/wp\/v2\/media\/36298"}],"wp:attachment":[{"href":"https:\/\/letempsmag.ma\/index.php?rest_route=%2Fwp%2Fv2%2Fmedia&parent=36315"}],"wp:term":[{"taxonomy":"category","embeddable":true,"href":"https:\/\/letempsmag.ma\/index.php?rest_route=%2Fwp%2Fv2%2Fcategories&post=36315"},{"taxonomy":"post_tag","embeddable":true,"href":"https:\/\/letempsmag.ma\/index.php?rest_route=%2Fwp%2Fv2%2Ftags&post=36315"}],"curies":[{"name":"wp","href":"https:\/\/api.w.org\/{rel}","templated":true}]}}