{"id":36313,"date":"2025-06-13T12:47:20","date_gmt":"2025-06-13T11:47:20","guid":{"rendered":"https:\/\/letempsmag.ma\/?p=36313"},"modified":"2025-06-13T12:47:20","modified_gmt":"2025-06-13T11:47:20","slug":"la-fondation-zakoura-honore-les-laureats-du-concours-national-de-linnovation-pour-leducation-de-la-petite-enfance","status":"publish","type":"post","link":"https:\/\/letempsmag.ma\/?p=36313","title":{"rendered":"La Fondation Zakoura honore les laur\u00e9ats du Concours National de l\u2019Innovation pour l\u2019\u00c9ducation de la Petite Enfance"},"content":{"rendered":"\n<p>La Fondation Zakoura a c\u00e9l\u00e9br\u00e9, le 11 juin dernier, au sein de la Facult\u00e9 des Sciences de l\u2019\u00c9ducation \u00e0 Rabat, la c\u00e9r\u00e9monie de remise des prix de la 3<sup>\u00e8me<\/sup> \u00e9dition du Concours National de l\u2019Innovation au service de l\u2019\u00c9ducation de la Petite Enfance (CNIPE). L\u2019\u00e9v\u00e9nement s\u2019est tenu en pr\u00e9sence de repr\u00e9sentants du minist\u00e8re de l\u2019\u00c9ducation nationale, du Pr\u00e9scolaire et des Sports, ainsi que de l\u2019Initiative Nationale pour le D\u00e9veloppement Humain (INDH).<\/p>\n\n\n\n<p>Port\u00e9 par le Zakoura Lab, le centre d\u2019innovation et de veille de la Fondation, le concours a pour objectif de valoriser les pratiques p\u00e9dagogiques innovantes initi\u00e9es par les \u00e9ducatrices, actrices cl\u00e9s de la g\u00e9n\u00e9ralisation d\u2019un pr\u00e9scolaire inclusif et de qualit\u00e9.<\/p>\n\n\n\n<p>Cette \u00e9dition a mis \u00e0 l\u2019honneur la th\u00e9matique de l\u2019\u00e9ducation \u00e0 l\u2019environnement, dans le cadre d\u2019un nouveau partenariat avec Vivo Energy Maroc. Cette collaboration permet d\u00e9sormais l\u2019extension du programme de sensibilisation environnementale \u00abMamaTabiaa\u00bb, jusque-l\u00e0 d\u00e9ploy\u00e9 dans les \u00e9coles primaires, aux classes de pr\u00e9scolaire.<\/p>\n\n\n\n<p>Preuve de l\u2019int\u00e9r\u00eat suscit\u00e9, plus de 850 candidatures ont \u00e9t\u00e9 enregistr\u00e9es \u00e0 travers le Royaume. \u00c0 l\u2019issue d\u2019un rigoureux processus de s\u00e9lection, six projets p\u00e9dagogiques ont \u00e9t\u00e9 prim\u00e9s, dont trois sp\u00e9cifiquement ax\u00e9s sur l\u2019int\u00e9gration de l\u2019\u00e9cologie dans les apprentissages de la petite enfance.<\/p>\n\n\n\n<p>\u00c0 cette occasion, trois Associations locales bas\u00e9es \u00e0 Casablanca, Berkane et Taroudant ont \u00e9t\u00e9 \u00e0 l\u2019honneur pour leur engagement. En reconnaissance de leurs efforts, les \u00e9ducatrices issues de ces structures seront invit\u00e9es \u00e0 participer \u00e0 la prochaine \u00e9dition du concours en 2026.<\/p>\n\n\n\n<p>Initi\u00e9 en 2021, le Concours National de l\u2019Innovation au service de l\u2019\u00c9ducation de la Petite Enfance s\u2019inscrit pleinement dans la strat\u00e9gie de la Fondation pour une \u00e9ducation \u00e9quitable, inclusive et de qualit\u00e9. Il constitue un levier majeur pour stimuler l\u2019am\u00e9lioration continue des pratiques \u00e9ducatives et renforcer la reconnaissance du r\u00f4le central des \u00e9ducatrices dans la r\u00e9ussite du pr\u00e9scolaire.<\/p>\n\n\n\n<p>Depuis sa cr\u00e9ation, la Fondation Zakoura, reconnue d\u2019utilit\u00e9 publique, \u0153uvre depuis 28 ans en faveur du d\u00e9veloppement humain \u00e0 travers des programmes \u00e9ducatifs et d\u2019autonomisation principalement en milieu rural. \u00c0 ce jour, plus de 1,9 million d\u2019enfants, de jeunes et de femmes ont b\u00e9n\u00e9fici\u00e9 de ses actions, port\u00e9es par des milliers de ressources form\u00e9es pour accompagner cette dynamique.<\/p>\n\n\n\n<p><\/p>\n","protected":false},"excerpt":{"rendered":"<p>La Fondation Zakoura a c\u00e9l\u00e9br\u00e9, le 11 juin dernier, au sein de la Facult\u00e9 des Sciences de l\u2019\u00c9ducation \u00e0 Rabat, la c\u00e9r\u00e9monie de remise des prix de la 3\u00e8me \u00e9dition du Concours National de l\u2019Innovation au service de l\u2019\u00c9ducation de la Petite Enfance (CNIPE). L\u2019\u00e9v\u00e9nement s\u2019est tenu en pr\u00e9sence de repr\u00e9sentants du minist\u00e8re de l\u2019\u00c9ducation &hellip;<\/p>\n","protected":false},"author":9,"featured_media":36297,"comment_status":"open","ping_status":"closed","sticky":false,"template":"","format":"standard","meta":{"footnotes":""},"categories":[227],"tags":[],"class_list":["post-36313","post","type-post","status-publish","format-standard","has-post-thumbnail","hentry","category-inclusion"],"_links":{"self":[{"href":"https:\/\/letempsmag.ma\/index.php?rest_route=\/wp\/v2\/posts\/36313","targetHints":{"allow":["GET"]}}],"collection":[{"href":"https:\/\/letempsmag.ma\/index.php?rest_route=\/wp\/v2\/posts"}],"about":[{"href":"https:\/\/letempsmag.ma\/index.php?rest_route=\/wp\/v2\/types\/post"}],"author":[{"embeddable":true,"href":"https:\/\/letempsmag.ma\/index.php?rest_route=\/wp\/v2\/users\/9"}],"replies":[{"embeddable":true,"href":"https:\/\/letempsmag.ma\/index.php?rest_route=%2Fwp%2Fv2%2Fcomments&post=36313"}],"version-history":[{"count":1,"href":"https:\/\/letempsmag.ma\/index.php?rest_route=\/wp\/v2\/posts\/36313\/revisions"}],"predecessor-version":[{"id":36314,"href":"https:\/\/letempsmag.ma\/index.php?rest_route=\/wp\/v2\/posts\/36313\/revisions\/36314"}],"wp:featuredmedia":[{"embeddable":true,"href":"https:\/\/letempsmag.ma\/index.php?rest_route=\/wp\/v2\/media\/36297"}],"wp:attachment":[{"href":"https:\/\/letempsmag.ma\/index.php?rest_route=%2Fwp%2Fv2%2Fmedia&parent=36313"}],"wp:term":[{"taxonomy":"category","embeddable":true,"href":"https:\/\/letempsmag.ma\/index.php?rest_route=%2Fwp%2Fv2%2Fcategories&post=36313"},{"taxonomy":"post_tag","embeddable":true,"href":"https:\/\/letempsmag.ma\/index.php?rest_route=%2Fwp%2Fv2%2Ftags&post=36313"}],"curies":[{"name":"wp","href":"https:\/\/api.w.org\/{rel}","templated":true}]}}