{"id":36276,"date":"2025-06-12T11:45:23","date_gmt":"2025-06-12T10:45:23","guid":{"rendered":"https:\/\/letempsmag.ma\/?p=36276"},"modified":"2025-06-12T11:45:23","modified_gmt":"2025-06-12T10:45:23","slug":"la-federation-royale-marocaine-de-football-honore-de-jeunes-trisomiques","status":"publish","type":"post","link":"https:\/\/letempsmag.ma\/?p=36276","title":{"rendered":"La F\u00e9d\u00e9ration Royale Marocaine de Football honore de jeunes trisomiques"},"content":{"rendered":"\n<p>\u00c0 l\u2019invitation de la F\u00e9d\u00e9ration Royale Marocaine de Football (FRMF), l\u2019Association Marocaine des Tr\u00e9sors 21, a assist\u00e9 le 9 juin dernier au match amical du football de l\u2019\u00e9quipe nationale du Maroc face \u00e0 son homologue du B\u00e9nin. L\u2019invitation a concern\u00e9 aussi les familles de l\u2019ONG.<\/p>\n\n\n\n<p>D\u00e9ploy\u00e9e en faveur de jeunes porteurs de trisomie, l\u2019initiative s\u2019inscrit dans une dynamique nationale d\u2019inclusion et de reconnaissance de la diversit\u00e9, \u00e0 travers des \u00e9v\u00e9nements sportifs de grande port\u00e9e. Le geste, bien plus qu\u2019une simple invitation, incarne une volont\u00e9 marocaine d\u2019inclusion r\u00e9elle. Le sport, langage universel, devient ainsi un pont entre les diff\u00e9rences, un espace o\u00f9 chaque personne, quel que soit son parcours, peut vibrer, r\u00eaver, appartenir&#8230;<\/p>\n\n\n\n<p>A travers cette pr\u00e9sence symbolique et profonde, c\u2019est toute une soci\u00e9t\u00e9 qui est invit\u00e9e \u00e0 ouvrir les bras \u00e0 la diversit\u00e9.<\/p>\n\n\n\n<p><em>\u00c0 propos de l\u2019AMT 21<\/em><\/p>\n\n\n\n<p>Fond\u00e9e par des m\u00e8res marocaines engag\u00e9es, l\u2019Association Marocaine des Tr\u00e9sors 21 \u0153uvre pour la dignit\u00e9, l\u2019inclusion et le d\u00e9veloppement global des personnes porteuses de trisomie 21. \u00c0 travers des actions concr\u00e8tes, des projets \u00e9ducatifs, des formations destin\u00e9es aux m\u00e8res, des accompagnements et des campagnes de sensibilisation, l\u2019ONG milite pour une soci\u00e9t\u00e9 plus juste et plus humaine. L\u2019Association se donne pour mission d\u2019am\u00e9liorer l\u2019estime de soi des personnes porteuses de trisomie 21 au quotidien, en adoptant un langage valorisant, respectueux \u00e0 leur \u00e9gard.<\/p>\n","protected":false},"excerpt":{"rendered":"<p>\u00c0 l\u2019invitation de la F\u00e9d\u00e9ration Royale Marocaine de Football (FRMF), l\u2019Association Marocaine des Tr\u00e9sors 21, a assist\u00e9 le 9 juin dernier au match amical du football de l\u2019\u00e9quipe nationale du Maroc face \u00e0 son homologue du B\u00e9nin. L\u2019invitation a concern\u00e9 aussi les familles de l\u2019ONG. D\u00e9ploy\u00e9e en faveur de jeunes porteurs de trisomie, l\u2019initiative s\u2019inscrit &hellip;<\/p>\n","protected":false},"author":9,"featured_media":36267,"comment_status":"open","ping_status":"closed","sticky":false,"template":"","format":"standard","meta":{"footnotes":""},"categories":[422],"tags":[],"class_list":["post-36276","post","type-post","status-publish","format-standard","has-post-thumbnail","hentry","category-inclusion-sociale"],"_links":{"self":[{"href":"https:\/\/letempsmag.ma\/index.php?rest_route=\/wp\/v2\/posts\/36276","targetHints":{"allow":["GET"]}}],"collection":[{"href":"https:\/\/letempsmag.ma\/index.php?rest_route=\/wp\/v2\/posts"}],"about":[{"href":"https:\/\/letempsmag.ma\/index.php?rest_route=\/wp\/v2\/types\/post"}],"author":[{"embeddable":true,"href":"https:\/\/letempsmag.ma\/index.php?rest_route=\/wp\/v2\/users\/9"}],"replies":[{"embeddable":true,"href":"https:\/\/letempsmag.ma\/index.php?rest_route=%2Fwp%2Fv2%2Fcomments&post=36276"}],"version-history":[{"count":1,"href":"https:\/\/letempsmag.ma\/index.php?rest_route=\/wp\/v2\/posts\/36276\/revisions"}],"predecessor-version":[{"id":36277,"href":"https:\/\/letempsmag.ma\/index.php?rest_route=\/wp\/v2\/posts\/36276\/revisions\/36277"}],"wp:featuredmedia":[{"embeddable":true,"href":"https:\/\/letempsmag.ma\/index.php?rest_route=\/wp\/v2\/media\/36267"}],"wp:attachment":[{"href":"https:\/\/letempsmag.ma\/index.php?rest_route=%2Fwp%2Fv2%2Fmedia&parent=36276"}],"wp:term":[{"taxonomy":"category","embeddable":true,"href":"https:\/\/letempsmag.ma\/index.php?rest_route=%2Fwp%2Fv2%2Fcategories&post=36276"},{"taxonomy":"post_tag","embeddable":true,"href":"https:\/\/letempsmag.ma\/index.php?rest_route=%2Fwp%2Fv2%2Ftags&post=36276"}],"curies":[{"name":"wp","href":"https:\/\/api.w.org\/{rel}","templated":true}]}}