{"id":36247,"date":"2025-06-11T12:49:28","date_gmt":"2025-06-11T11:49:28","guid":{"rendered":"https:\/\/letempsmag.ma\/?p=36247"},"modified":"2025-06-11T12:49:28","modified_gmt":"2025-06-11T11:49:28","slug":"visa-tient-son-2eme-fintech-day-a-casablanca-et-ouvre-les-candidatures-pour-son-accelerateur-africain","status":"publish","type":"post","link":"https:\/\/letempsmag.ma\/?p=36247","title":{"rendered":"Visa tient son 2\u00e8me \u00abFintech Day\u00bb \u00e0 Casablanca et ouvre les candidatures pour son acc\u00e9l\u00e9rateur africain"},"content":{"rendered":"\n<p>Visa, le g\u00e9ant am\u00e9ricain des moyens de paiement, a r\u00e9affirm\u00e9 hier \u00e0 Casablanca son engagement en faveur de l\u2019innovation num\u00e9rique et de l\u2019inclusion financi\u00e8re en organisant la deuxi\u00e8me \u00e9dition du \u00abFintech Day\u00bb au Maroc. Tenu sous l\u2019\u00e9gide du minist\u00e8re de la Transition num\u00e9rique et de la R\u00e9forme de l\u2019Administration, l\u2019\u00e9v\u00e9nement a rassembl\u00e9 les principaux acteurs de l\u2019\u00e9cosyst\u00e8me fintech national, autour du th\u00e8me \u00abIntelligence artificielle et inclusion financi\u00e8re&nbsp;: transformer le paysage fintech au Maroc\u00bb.<\/p>\n\n\n\n<p>L\u2019\u00e9v\u00e9nement a \u00e9t\u00e9 pr\u00e9sid\u00e9 par Amal El Fallah Seghrouchni, Ministre D\u00e9l\u00e9gu\u00e9e en charge de la Transition num\u00e9rique, et Leila Serhan, Vice-Pr\u00e9sidente Ex\u00e9cutive de Visa pour l\u2019Afrique du Nord, le Levant et le Pakistan.<\/p>\n\n\n\n<p>Soutenu par des partenaires importants tels que l\u2019Agence de D\u00e9veloppement du Digital (ADD), le Technopark, le Morocco Fintech Center et l\u2019Universit\u00e9 Mohammed VI Polytechnique (UM6P), le \u00abFintech Day 2025\u00bb a mis en lumi\u00e8re les synergies croissantes entre technologies \u00e9mergentes et services financiers au service d\u2019une croissance plus inclusive.<\/p>\n\n\n\n<p>\u00abLe fait que nous organisions la deuxi\u00e8me \u00e9dition du \u00abVisa Fintech Day\u00bb t\u00e9moigne du dynamisme de l\u2019\u00e9cosyst\u00e8me fintech marocain\u00bb, a d\u00e9clar\u00e9 Leila Serhan, saluant le contexte favorable du Royaume&nbsp;: une population connect\u00e9e, un cadre r\u00e9glementaire propice et un r\u00e9seau d\u2019innovation en plein essor.<\/p>\n\n\n\n<p>En marge de l\u2019\u00e9v\u00e9nement, Visa a annonc\u00e9 l\u2019ouverture des candidatures pour la cinqui\u00e8me cohorte de son programme \u00abVisa Africa Fintech Accelerator\u00bb, destin\u00e9 \u00e0 soutenir les jeunes pousses op\u00e9rant en Afrique, du stade de l\u2019amor\u00e7age jusqu\u2019aux s\u00e9ries \u00abA\u00bb. Les start-ups int\u00e9ress\u00e9es ont jusqu\u2019au 15 ao\u00fbt prochain pour postuler en ligne via le site de Visa.<\/p>\n\n\n\n<p>Le programme vise \u00e0 accompagner les entreprises innovantes qui contribuent \u00e0 l\u2019expansion des services financiers sur le continent, tout en favorisant une transformation num\u00e9rique durable et inclusive.<\/p>\n\n\n\n<p>Cette seconde \u00e9dition du \u00abFintech Day\u00bb a confirm\u00e9 la volont\u00e9 de Visa d\u2019accompagner la transformation num\u00e9rique du Maroc et de l\u2019Afrique, en mettant l\u2019accent sur les solutions technologiques capables de d\u00e9mocratiser l\u2019acc\u00e8s aux services financiers. L\u2019intelligence artificielle, en particulier, est apparue comme un levier-cl\u00e9 dans les d\u00e9bats pour relever les d\u00e9fis d\u2019inclusion, de s\u00e9curit\u00e9 et de performance dans les services financiers de demain.<\/p>\n\n\n\n<p><strong>L. F.<\/strong><\/p>\n","protected":false},"excerpt":{"rendered":"<p>Visa, le g\u00e9ant am\u00e9ricain des moyens de paiement, a r\u00e9affirm\u00e9 hier \u00e0 Casablanca son engagement en faveur de l\u2019innovation num\u00e9rique et de l\u2019inclusion financi\u00e8re en organisant la deuxi\u00e8me \u00e9dition du \u00abFintech Day\u00bb au Maroc. Tenu sous l\u2019\u00e9gide du minist\u00e8re de la Transition num\u00e9rique et de la R\u00e9forme de l\u2019Administration, l\u2019\u00e9v\u00e9nement a rassembl\u00e9 les principaux acteurs &hellip;<\/p>\n","protected":false},"author":9,"featured_media":36236,"comment_status":"open","ping_status":"closed","sticky":false,"template":"","format":"standard","meta":{"footnotes":""},"categories":[192],"tags":[],"class_list":["post-36247","post","type-post","status-publish","format-standard","has-post-thumbnail","hentry","category-numerique"],"_links":{"self":[{"href":"https:\/\/letempsmag.ma\/index.php?rest_route=\/wp\/v2\/posts\/36247","targetHints":{"allow":["GET"]}}],"collection":[{"href":"https:\/\/letempsmag.ma\/index.php?rest_route=\/wp\/v2\/posts"}],"about":[{"href":"https:\/\/letempsmag.ma\/index.php?rest_route=\/wp\/v2\/types\/post"}],"author":[{"embeddable":true,"href":"https:\/\/letempsmag.ma\/index.php?rest_route=\/wp\/v2\/users\/9"}],"replies":[{"embeddable":true,"href":"https:\/\/letempsmag.ma\/index.php?rest_route=%2Fwp%2Fv2%2Fcomments&post=36247"}],"version-history":[{"count":1,"href":"https:\/\/letempsmag.ma\/index.php?rest_route=\/wp\/v2\/posts\/36247\/revisions"}],"predecessor-version":[{"id":36248,"href":"https:\/\/letempsmag.ma\/index.php?rest_route=\/wp\/v2\/posts\/36247\/revisions\/36248"}],"wp:featuredmedia":[{"embeddable":true,"href":"https:\/\/letempsmag.ma\/index.php?rest_route=\/wp\/v2\/media\/36236"}],"wp:attachment":[{"href":"https:\/\/letempsmag.ma\/index.php?rest_route=%2Fwp%2Fv2%2Fmedia&parent=36247"}],"wp:term":[{"taxonomy":"category","embeddable":true,"href":"https:\/\/letempsmag.ma\/index.php?rest_route=%2Fwp%2Fv2%2Fcategories&post=36247"},{"taxonomy":"post_tag","embeddable":true,"href":"https:\/\/letempsmag.ma\/index.php?rest_route=%2Fwp%2Fv2%2Ftags&post=36247"}],"curies":[{"name":"wp","href":"https:\/\/api.w.org\/{rel}","templated":true}]}}