{"id":36243,"date":"2025-06-11T12:45:41","date_gmt":"2025-06-11T11:45:41","guid":{"rendered":"https:\/\/letempsmag.ma\/?p=36243"},"modified":"2025-06-11T12:46:40","modified_gmt":"2025-06-11T11:46:40","slug":"accord-historique-entre-maroc-telecom-et-le-syndicat-national-des-telecommunications","status":"publish","type":"post","link":"https:\/\/letempsmag.ma\/?p=36243","title":{"rendered":"Accord historique entre Maroc Telecom et le Syndicat National des T\u00e9l\u00e9communications"},"content":{"rendered":"\n<p>L\u2019op\u00e9rateur historique Maroc Telecom et le Syndicat National des T\u00e9l\u00e9communications ont conclu, le 6 juin dernier, un accord social majeur. Les deux parties ont, en effet, act\u00e9 une avanc\u00e9e sociale historique au service du progr\u00e8s humain. Engagement, \u00e9quit\u00e9, reconnaissance\u2026 Le pacte social renouvel\u00e9 chez Maroc Telecom est porteur de sens et de confiance renouvel\u00e9e entre Maroc Telecom et ses collaborateurs.<\/p>\n\n\n\n<p>Dans un communiqu\u00e9 syndical, l\u2019on apprend ainsi que le deal pr\u00e9voit une augmentation salariale de 5% avec un minimum de 500 DH nets, ainsi qu\u2019une hausse de 50% de la prime de scolarit\u00e9 pour les enfants des salari\u00e9s. Le nombre de bourses universitaires passe \u00e0 20 par an.<\/p>\n\n\n\n<p>L\u2019accord inclut \u00e9galement des r\u00e9ductions de 50% sur les centres de vacances de l\u2019entreprise et une contribution port\u00e9e \u00e0 30% pour les s\u00e9jours dans des \u00e9tablissements priv\u00e9s, m\u00eame hors-saison. Concernant les retrait\u00e9s, ils auront acc\u00e8s \u00e0 un service de transport m\u00e9dical d\u2019urgence et \u00e0 une application d\u00e9di\u00e9e pour faciliter leur suivi.<\/p>\n\n\n\n<p>Enfin, les commissions commerciales seront revaloris\u00e9es et \u00e9largies aux services r\u00e9seaux. La centrale syndicale salue, dans son communiqu\u00e9, une avanc\u00e9e sociale significative dans un climat jug\u00e9 tr\u00e8s positif.<\/p>\n","protected":false},"excerpt":{"rendered":"<p>L\u2019op\u00e9rateur historique Maroc Telecom et le Syndicat National des T\u00e9l\u00e9communications ont conclu, le 6 juin dernier, un accord social majeur. Les deux parties ont, en effet, act\u00e9 une avanc\u00e9e sociale historique au service du progr\u00e8s humain. Engagement, \u00e9quit\u00e9, reconnaissance\u2026 Le pacte social renouvel\u00e9 chez Maroc Telecom est porteur de sens et de confiance renouvel\u00e9e entre &hellip;<\/p>\n","protected":false},"author":9,"featured_media":36240,"comment_status":"open","ping_status":"closed","sticky":false,"template":"","format":"standard","meta":{"footnotes":""},"categories":[1495],"tags":[],"class_list":["post-36243","post","type-post","status-publish","format-standard","has-post-thumbnail","hentry","category-climat-social"],"_links":{"self":[{"href":"https:\/\/letempsmag.ma\/index.php?rest_route=\/wp\/v2\/posts\/36243","targetHints":{"allow":["GET"]}}],"collection":[{"href":"https:\/\/letempsmag.ma\/index.php?rest_route=\/wp\/v2\/posts"}],"about":[{"href":"https:\/\/letempsmag.ma\/index.php?rest_route=\/wp\/v2\/types\/post"}],"author":[{"embeddable":true,"href":"https:\/\/letempsmag.ma\/index.php?rest_route=\/wp\/v2\/users\/9"}],"replies":[{"embeddable":true,"href":"https:\/\/letempsmag.ma\/index.php?rest_route=%2Fwp%2Fv2%2Fcomments&post=36243"}],"version-history":[{"count":1,"href":"https:\/\/letempsmag.ma\/index.php?rest_route=\/wp\/v2\/posts\/36243\/revisions"}],"predecessor-version":[{"id":36244,"href":"https:\/\/letempsmag.ma\/index.php?rest_route=\/wp\/v2\/posts\/36243\/revisions\/36244"}],"wp:featuredmedia":[{"embeddable":true,"href":"https:\/\/letempsmag.ma\/index.php?rest_route=\/wp\/v2\/media\/36240"}],"wp:attachment":[{"href":"https:\/\/letempsmag.ma\/index.php?rest_route=%2Fwp%2Fv2%2Fmedia&parent=36243"}],"wp:term":[{"taxonomy":"category","embeddable":true,"href":"https:\/\/letempsmag.ma\/index.php?rest_route=%2Fwp%2Fv2%2Fcategories&post=36243"},{"taxonomy":"post_tag","embeddable":true,"href":"https:\/\/letempsmag.ma\/index.php?rest_route=%2Fwp%2Fv2%2Ftags&post=36243"}],"curies":[{"name":"wp","href":"https:\/\/api.w.org\/{rel}","templated":true}]}}