{"id":36241,"date":"2025-06-11T12:44:31","date_gmt":"2025-06-11T11:44:31","guid":{"rendered":"https:\/\/letempsmag.ma\/?p=36241"},"modified":"2025-06-11T12:44:31","modified_gmt":"2025-06-11T11:44:31","slug":"bim-ouvre-un-deuxieme-magasin-a-laayoune","status":"publish","type":"post","link":"https:\/\/letempsmag.ma\/?p=36241","title":{"rendered":"BIM ouvre un deuxi\u00e8me magasin \u00e0 La\u00e2youne"},"content":{"rendered":"\n<p>BIM Maroc annonce l&#8217;ouverture de son 2<sup>\u00e8me<\/sup> magasin dans la ville de La\u00e2youne, consolidant ainsi sa pr\u00e9sence dans le sud du Maroc. Cette ouverture vient renforcer la premi\u00e8re implantation qui avait eu lieu en octobre 2022 et qui avait fait de BIM la premi\u00e8re enseigne \u00e0 s&#8217;implanter dans cette ville.<\/p>\n\n\n\n<p>L\u2019\u00e9v\u00e9nement s\u2019inscrit dans l\u2019engagement de BIM Maroc \u00e0 renforcer l\u2019accessibilit\u00e9 des produits de grande consommation. Elle vise \u00e9galement \u00e0 r\u00e9pondre davantage aux attentes des consommateurs o\u00f9 qu\u2019ils soient, dans l\u2019ensemble des villes marocaines, en leur offrant une large gamme de produits de grande qualit\u00e9 \u00e0 des prix comp\u00e9titifs.<\/p>\n\n\n\n<p>Au cours des six derniers mois, BIM Maroc a \u00e9largi son r\u00e9seau avec l\u2019ouverture de nouveaux magasins dans plusieurs villes marocaines, dont Tahanaout, Taroudant, Oulm\u00e8s, Tamallalet, Tassaltante, Nador, et Jorf Elmalha. Ces implantations t\u00e9moignent de la volont\u00e9 de BIM d\u2019aller au-devant des besoins des diff\u00e9rentes populations et de participer \u00e0 l\u2019am\u00e9lioration de l\u2019acc\u00e8s \u00e0 la consommation.<\/p>\n\n\n\n<p>Ahmet Fevzi Calsiskan, CEO de BIM Maroc, d\u00e9clare&nbsp;: \u00abNous sommes fiers de renforcer notre pr\u00e9sence \u00e0 La\u00e2youne o\u00f9 BIM a \u00e9t\u00e9 la premi\u00e8re enseigne dans le secteur de la grande distribution \u00e0 s&#8217;implanter. Cette ouverture s\u2019inscrit dans une d\u00e9marche plus large visant \u00e0 renforcer l\u2019acc\u00e8s aux produits de qualit\u00e9 dans les 16 r\u00e9gions du Royaume. Par ailleurs, cette nouvelle implantation, comme chaque nouvelle ouverture, repr\u00e9sente pour nous une opportunit\u00e9 de stimuler le tissu \u00e9conomique local, de favoriser l\u2019inclusion socio-\u00e9conomique et de contribuer \u00e0 la cr\u00e9ation d\u2019emplois durables, en parfaite ad\u00e9quation avec nos engagements envers les communaut\u00e9s o\u00f9 nous op\u00e9rons\u00bb.<\/p>\n\n\n\n<p>L\u2019enseigne confirme ainsi sa volont\u00e9 d\u2019\u00eatre un acteur engag\u00e9 et responsable, contribuant activement au d\u00e9veloppement \u00e9conomique r\u00e9gional tout en facilitant l\u2019acc\u00e8s des populations marocaines, partout sur le territoire, \u00e0 des produits essentiels \u00e0 des prix justes.<\/p>\n\n\n\n<p><\/p>\n","protected":false},"excerpt":{"rendered":"<p>BIM Maroc annonce l&#8217;ouverture de son 2\u00e8me magasin dans la ville de La\u00e2youne, consolidant ainsi sa pr\u00e9sence dans le sud du Maroc. Cette ouverture vient renforcer la premi\u00e8re implantation qui avait eu lieu en octobre 2022 et qui avait fait de BIM la premi\u00e8re enseigne \u00e0 s&#8217;implanter dans cette ville. L\u2019\u00e9v\u00e9nement s\u2019inscrit dans l\u2019engagement de &hellip;<\/p>\n","protected":false},"author":9,"featured_media":36238,"comment_status":"open","ping_status":"closed","sticky":false,"template":"","format":"standard","meta":{"footnotes":""},"categories":[269],"tags":[],"class_list":["post-36241","post","type-post","status-publish","format-standard","has-post-thumbnail","hentry","category-distribution"],"_links":{"self":[{"href":"https:\/\/letempsmag.ma\/index.php?rest_route=\/wp\/v2\/posts\/36241","targetHints":{"allow":["GET"]}}],"collection":[{"href":"https:\/\/letempsmag.ma\/index.php?rest_route=\/wp\/v2\/posts"}],"about":[{"href":"https:\/\/letempsmag.ma\/index.php?rest_route=\/wp\/v2\/types\/post"}],"author":[{"embeddable":true,"href":"https:\/\/letempsmag.ma\/index.php?rest_route=\/wp\/v2\/users\/9"}],"replies":[{"embeddable":true,"href":"https:\/\/letempsmag.ma\/index.php?rest_route=%2Fwp%2Fv2%2Fcomments&post=36241"}],"version-history":[{"count":1,"href":"https:\/\/letempsmag.ma\/index.php?rest_route=\/wp\/v2\/posts\/36241\/revisions"}],"predecessor-version":[{"id":36242,"href":"https:\/\/letempsmag.ma\/index.php?rest_route=\/wp\/v2\/posts\/36241\/revisions\/36242"}],"wp:featuredmedia":[{"embeddable":true,"href":"https:\/\/letempsmag.ma\/index.php?rest_route=\/wp\/v2\/media\/36238"}],"wp:attachment":[{"href":"https:\/\/letempsmag.ma\/index.php?rest_route=%2Fwp%2Fv2%2Fmedia&parent=36241"}],"wp:term":[{"taxonomy":"category","embeddable":true,"href":"https:\/\/letempsmag.ma\/index.php?rest_route=%2Fwp%2Fv2%2Fcategories&post=36241"},{"taxonomy":"post_tag","embeddable":true,"href":"https:\/\/letempsmag.ma\/index.php?rest_route=%2Fwp%2Fv2%2Ftags&post=36241"}],"curies":[{"name":"wp","href":"https:\/\/api.w.org\/{rel}","templated":true}]}}