{"id":36228,"date":"2025-06-10T11:09:44","date_gmt":"2025-06-10T10:09:44","guid":{"rendered":"https:\/\/letempsmag.ma\/?p=36228"},"modified":"2025-06-10T11:09:45","modified_gmt":"2025-06-10T10:09:45","slug":"le-pr-rachid-mrabet-raconte-ses-chemins-croises-avec-liscae","status":"publish","type":"post","link":"https:\/\/letempsmag.ma\/?p=36228","title":{"rendered":"Le Pr Rachid M\u2019rabet raconte ses \u00abchemins crois\u00e9s\u00bb avec l\u2019ISCAE"},"content":{"rendered":"\n<p>ISCAE Alumni, l\u2019Association des Laur\u00e9ats du Groupe ISCAE (Institut Sup\u00e9rieur de Commerce et d\u2019Administration des Entreprises) organise un important \u00e9v\u00e9nement acad\u00e9mique samedi prochain, 14 juin \u00e0 partir de 10h30, \u00e0 l\u2019Amphith\u00e9\u00e2tre de l\u2019ISCAE, \u00e0 Casablanca.<\/p>\n\n\n\n<p>L\u2019\u00e9v\u00e9nement sera haut en symboles et en \u00e9motions. Les projecteurs seront, en effet, braqu\u00e9s sur le Pr Rachid M\u2019rabet qui y animera une rencontre tr\u00e8s attendue sous le th\u00e8me \u00abChemin crois\u00e9s&nbsp;: un Homme, une Institution\u00bb. L\u2019expert est un pur produit de la maison, laur\u00e9at de la 2<sup>\u00e8me<\/sup> promotion du Groupe ISCAE, Directeur G\u00e9n\u00e9ral de l\u2019institution de 1995 \u00e0 2011, Directeur de l\u2019\u00c9cole Doctorale de 2011 \u00e0 2021. Un enseignant-chercheur aur\u00e9ol\u00e9 de plus de 40 ans de carri\u00e8re.<\/p>\n\n\n\n<p>Le th\u00e8me de l\u2019\u00e9v\u00e9nement \u00abChemin crois\u00e9s&nbsp;: un Homme, une Institution\u00bb n\u2019est autre que le titre du nouveau livre que pr\u00e9sentera le Pr Rachid M\u2019rabet. Un livre autobiographique, assur\u00e9ment passionnant, retra\u00e7ant les chemins crois\u00e9s entre lui et l\u2019ISCAE.<\/p>\n","protected":false},"excerpt":{"rendered":"<p>ISCAE Alumni, l\u2019Association des Laur\u00e9ats du Groupe ISCAE (Institut Sup\u00e9rieur de Commerce et d\u2019Administration des Entreprises) organise un important \u00e9v\u00e9nement acad\u00e9mique samedi prochain, 14 juin \u00e0 partir de 10h30, \u00e0 l\u2019Amphith\u00e9\u00e2tre de l\u2019ISCAE, \u00e0 Casablanca. L\u2019\u00e9v\u00e9nement sera haut en symboles et en \u00e9motions. Les projecteurs seront, en effet, braqu\u00e9s sur le Pr Rachid M\u2019rabet qui &hellip;<\/p>\n","protected":false},"author":9,"featured_media":36216,"comment_status":"open","ping_status":"closed","sticky":false,"template":"","format":"standard","meta":{"footnotes":""},"categories":[1493],"tags":[],"class_list":["post-36228","post","type-post","status-publish","format-standard","has-post-thumbnail","hentry","category-monde-academique"],"_links":{"self":[{"href":"https:\/\/letempsmag.ma\/index.php?rest_route=\/wp\/v2\/posts\/36228","targetHints":{"allow":["GET"]}}],"collection":[{"href":"https:\/\/letempsmag.ma\/index.php?rest_route=\/wp\/v2\/posts"}],"about":[{"href":"https:\/\/letempsmag.ma\/index.php?rest_route=\/wp\/v2\/types\/post"}],"author":[{"embeddable":true,"href":"https:\/\/letempsmag.ma\/index.php?rest_route=\/wp\/v2\/users\/9"}],"replies":[{"embeddable":true,"href":"https:\/\/letempsmag.ma\/index.php?rest_route=%2Fwp%2Fv2%2Fcomments&post=36228"}],"version-history":[{"count":1,"href":"https:\/\/letempsmag.ma\/index.php?rest_route=\/wp\/v2\/posts\/36228\/revisions"}],"predecessor-version":[{"id":36229,"href":"https:\/\/letempsmag.ma\/index.php?rest_route=\/wp\/v2\/posts\/36228\/revisions\/36229"}],"wp:featuredmedia":[{"embeddable":true,"href":"https:\/\/letempsmag.ma\/index.php?rest_route=\/wp\/v2\/media\/36216"}],"wp:attachment":[{"href":"https:\/\/letempsmag.ma\/index.php?rest_route=%2Fwp%2Fv2%2Fmedia&parent=36228"}],"wp:term":[{"taxonomy":"category","embeddable":true,"href":"https:\/\/letempsmag.ma\/index.php?rest_route=%2Fwp%2Fv2%2Fcategories&post=36228"},{"taxonomy":"post_tag","embeddable":true,"href":"https:\/\/letempsmag.ma\/index.php?rest_route=%2Fwp%2Fv2%2Ftags&post=36228"}],"curies":[{"name":"wp","href":"https:\/\/api.w.org\/{rel}","templated":true}]}}