{"id":36224,"date":"2025-06-10T11:07:15","date_gmt":"2025-06-10T10:07:15","guid":{"rendered":"https:\/\/letempsmag.ma\/?p=36224"},"modified":"2025-06-10T11:07:15","modified_gmt":"2025-06-10T10:07:15","slug":"auto-nejma-leve-600-millions-de-dh-dans-le-cadre-dune-emission-obligataire","status":"publish","type":"post","link":"https:\/\/letempsmag.ma\/?p=36224","title":{"rendered":"Auto Nejma l\u00e8ve 600 millions de DH dans le cadre d\u2019une \u00e9mission obligataire"},"content":{"rendered":"\n<p>Auto Nejma Maroc (concessionnaire des marques Mercedes et BYD) annonce une lev\u00e9e de fonds de 600 millions de DH, le 4 juin dernier, dans le cadre d\u2019une \u00e9mission obligataire ordinaire par placement priv\u00e9. Cette sortie r\u00e9ussie sur le march\u00e9 financier permettra au concessionnaire de varier ses sources de financement et de financer l\u2019extension de son r\u00e9seau de distribution, pr\u00e9cise la soci\u00e9t\u00e9 dans un communiqu\u00e9.<\/p>\n\n\n\n<p>L\u2019\u00e9mission a \u00e9t\u00e9 cl\u00f4tur\u00e9e par la souscription, aupr\u00e8s d\u2019investisseurs qualifi\u00e9s, de 600 millions de DH r\u00e9partis en 3 tranches&nbsp;:<\/p>\n\n\n\n<p>&#8211; Une tranche \u00abA\u00bb avec une maturit\u00e9 de 2 ans, \u00e0 taux r\u00e9visable (26 semaines), non cot\u00e9e \u00e0 la Bourse de Casablanca, d\u2019un plafond de 300 millions de DH et d\u2019une valeur nominale de 100.000 DH pour chaque obligation.<\/p>\n\n\n\n<p>&#8211; Une tranche \u00abB\u00bb avec une maturit\u00e9 de 4 ans, \u00e0 taux r\u00e9visable (26 semaines), non cot\u00e9e \u00e0 la Bourse de Casablanca, d\u2019un plafond de 150 millions de DH et d\u2019une valeur nominale de 100.000 DH pour chaque obligation.<\/p>\n\n\n\n<p>&#8211; Une tranche \u00abC\u00bb avec une maturit\u00e9 de 4 ans, \u00e0 taux fixe, non cot\u00e9e \u00e0 la Bourse de Casablanca, d\u2019un plafond de 150 millions de DH et d\u2019une valeur nominale de 100 millions de DH pour chaque obligation.<\/p>\n","protected":false},"excerpt":{"rendered":"<p>Auto Nejma Maroc (concessionnaire des marques Mercedes et BYD) annonce une lev\u00e9e de fonds de 600 millions de DH, le 4 juin dernier, dans le cadre d\u2019une \u00e9mission obligataire ordinaire par placement priv\u00e9. Cette sortie r\u00e9ussie sur le march\u00e9 financier permettra au concessionnaire de varier ses sources de financement et de financer l\u2019extension de son &hellip;<\/p>\n","protected":false},"author":9,"featured_media":36217,"comment_status":"open","ping_status":"closed","sticky":false,"template":"","format":"standard","meta":{"footnotes":""},"categories":[35],"tags":[],"class_list":["post-36224","post","type-post","status-publish","format-standard","has-post-thumbnail","hentry","category-finance"],"_links":{"self":[{"href":"https:\/\/letempsmag.ma\/index.php?rest_route=\/wp\/v2\/posts\/36224","targetHints":{"allow":["GET"]}}],"collection":[{"href":"https:\/\/letempsmag.ma\/index.php?rest_route=\/wp\/v2\/posts"}],"about":[{"href":"https:\/\/letempsmag.ma\/index.php?rest_route=\/wp\/v2\/types\/post"}],"author":[{"embeddable":true,"href":"https:\/\/letempsmag.ma\/index.php?rest_route=\/wp\/v2\/users\/9"}],"replies":[{"embeddable":true,"href":"https:\/\/letempsmag.ma\/index.php?rest_route=%2Fwp%2Fv2%2Fcomments&post=36224"}],"version-history":[{"count":1,"href":"https:\/\/letempsmag.ma\/index.php?rest_route=\/wp\/v2\/posts\/36224\/revisions"}],"predecessor-version":[{"id":36225,"href":"https:\/\/letempsmag.ma\/index.php?rest_route=\/wp\/v2\/posts\/36224\/revisions\/36225"}],"wp:featuredmedia":[{"embeddable":true,"href":"https:\/\/letempsmag.ma\/index.php?rest_route=\/wp\/v2\/media\/36217"}],"wp:attachment":[{"href":"https:\/\/letempsmag.ma\/index.php?rest_route=%2Fwp%2Fv2%2Fmedia&parent=36224"}],"wp:term":[{"taxonomy":"category","embeddable":true,"href":"https:\/\/letempsmag.ma\/index.php?rest_route=%2Fwp%2Fv2%2Fcategories&post=36224"},{"taxonomy":"post_tag","embeddable":true,"href":"https:\/\/letempsmag.ma\/index.php?rest_route=%2Fwp%2Fv2%2Ftags&post=36224"}],"curies":[{"name":"wp","href":"https:\/\/api.w.org\/{rel}","templated":true}]}}