{"id":36106,"date":"2025-06-06T10:48:58","date_gmt":"2025-06-06T09:48:58","guid":{"rendered":"https:\/\/letempsmag.ma\/?p=36106"},"modified":"2025-06-06T10:49:04","modified_gmt":"2025-06-06T09:49:04","slug":"le-parlement-lance-avec-lappui-de-lue-un-studio-de-diffusion-audiovisuelle","status":"publish","type":"post","link":"https:\/\/letempsmag.ma\/?p=36106","title":{"rendered":"Le Parlement lance, avec l\u2019appui de l\u2019UE, un studio de diffusion audiovisuelle"},"content":{"rendered":"\n<p>Un studio d\u2019enregistrement et de diffusion audiovisuelle a \u00e9t\u00e9 inaugur\u00e9, mercredi dernier, \u00e0 la Chambre des Repr\u00e9sentants, fruit d\u2019un partenariat entre l\u2019institution parlementaire, l\u2019Union Europ\u00e9enne et l\u2019Assembl\u00e9e parlementaire du Conseil de l\u2019Europe.<\/p>\n\n\n\n<p>La c\u00e9r\u00e9monie de lancement s\u2019est d\u00e9roul\u00e9e en pr\u00e9sence du Pr\u00e9sident de la Chambre des Repr\u00e9sentants, Rachid Talbi Alami, de l\u2019Ambassadrice de l\u2019Union Europ\u00e9enne au Maroc, Patricia Llombart Cussac, et la Cheffe du Bureau du Conseil de l\u2019Europe au Maroc, Carmen Morte Gomez.<\/p>\n\n\n\n<p>La r\u00e9alisation de ce studio audiovisuel (Media Box) s\u2019inscrit dans le cadre du programme \u00abRenforcement du r\u00f4le du Parlement dans la consolidation de la d\u00e9mocratie au Maroc\u00bb, financ\u00e9 par l\u2019Union Europ\u00e9enne et mis en \u0153uvre au cours de la p\u00e9riode 2022-2024 par la Chambre des Repr\u00e9sentants et l\u2019Assembl\u00e9e parlementaire du Conseil de l\u2019Europe.<\/p>\n\n\n\n<p>Rachid Talbi Alami a soulign\u00e9 que l\u2019inauguration de ce Media Box s\u2019inscrit dans le cadre de l\u2019\u00e9largissement des canaux de communication de la Chambre des Repr\u00e9sentants, qui a r\u00e9alis\u00e9 des avanc\u00e9es significatives en mati\u00e8re de num\u00e9risation et d\u2019ouverture. Il a notamment expliqu\u00e9 que \u00abCe studio audiovisuel constituera un m\u00e9canisme de communication plus structur\u00e9, permettant l\u2019enregistrement et la diffusion de d\u00e9clarations et d\u2019entretiens journalistiques dans un cadre professionnel, garantissant des conditions de confort et de travail appropri\u00e9es aux d\u00e9put\u00e9s ainsi qu\u2019aux repr\u00e9sentants des m\u00e9dias\u00bb.<\/p>\n\n\n\n<p>Pour sa part, Patricia Llombart Cussac a salu\u00e9 l\u2019inauguration du Media Box qui a \u00e9t\u00e9 r\u00e9alis\u00e9e en partenariat et avec le soutien de la Chambre des Repr\u00e9sentants, afin que l\u2019institution l\u00e9gislative marocaine soit au plus pr\u00e8s des citoyens. \u00abNous avons soutenu cette ambition en mettant en place ce studio, \u0153uvrant \u00e0 transmettre des informations pr\u00e9cises aux citoyens en ce qui concerne l\u2019action du Parlement\u00bb, a soulign\u00e9 la diplomate europ\u00e9enne.<\/p>\n","protected":false},"excerpt":{"rendered":"<p>Un studio d\u2019enregistrement et de diffusion audiovisuelle a \u00e9t\u00e9 inaugur\u00e9, mercredi dernier, \u00e0 la Chambre des Repr\u00e9sentants, fruit d\u2019un partenariat entre l\u2019institution parlementaire, l\u2019Union Europ\u00e9enne et l\u2019Assembl\u00e9e parlementaire du Conseil de l\u2019Europe. La c\u00e9r\u00e9monie de lancement s\u2019est d\u00e9roul\u00e9e en pr\u00e9sence du Pr\u00e9sident de la Chambre des Repr\u00e9sentants, Rachid Talbi Alami, de l\u2019Ambassadrice de l\u2019Union Europ\u00e9enne &hellip;<\/p>\n","protected":false},"author":9,"featured_media":36088,"comment_status":"open","ping_status":"closed","sticky":false,"template":"","format":"standard","meta":{"footnotes":""},"categories":[59],"tags":[],"class_list":["post-36106","post","type-post","status-publish","format-standard","has-post-thumbnail","hentry","category-communication"],"_links":{"self":[{"href":"https:\/\/letempsmag.ma\/index.php?rest_route=\/wp\/v2\/posts\/36106","targetHints":{"allow":["GET"]}}],"collection":[{"href":"https:\/\/letempsmag.ma\/index.php?rest_route=\/wp\/v2\/posts"}],"about":[{"href":"https:\/\/letempsmag.ma\/index.php?rest_route=\/wp\/v2\/types\/post"}],"author":[{"embeddable":true,"href":"https:\/\/letempsmag.ma\/index.php?rest_route=\/wp\/v2\/users\/9"}],"replies":[{"embeddable":true,"href":"https:\/\/letempsmag.ma\/index.php?rest_route=%2Fwp%2Fv2%2Fcomments&post=36106"}],"version-history":[{"count":1,"href":"https:\/\/letempsmag.ma\/index.php?rest_route=\/wp\/v2\/posts\/36106\/revisions"}],"predecessor-version":[{"id":36107,"href":"https:\/\/letempsmag.ma\/index.php?rest_route=\/wp\/v2\/posts\/36106\/revisions\/36107"}],"wp:featuredmedia":[{"embeddable":true,"href":"https:\/\/letempsmag.ma\/index.php?rest_route=\/wp\/v2\/media\/36088"}],"wp:attachment":[{"href":"https:\/\/letempsmag.ma\/index.php?rest_route=%2Fwp%2Fv2%2Fmedia&parent=36106"}],"wp:term":[{"taxonomy":"category","embeddable":true,"href":"https:\/\/letempsmag.ma\/index.php?rest_route=%2Fwp%2Fv2%2Fcategories&post=36106"},{"taxonomy":"post_tag","embeddable":true,"href":"https:\/\/letempsmag.ma\/index.php?rest_route=%2Fwp%2Fv2%2Ftags&post=36106"}],"curies":[{"name":"wp","href":"https:\/\/api.w.org\/{rel}","templated":true}]}}