{"id":36102,"date":"2025-06-06T10:46:43","date_gmt":"2025-06-06T09:46:43","guid":{"rendered":"https:\/\/letempsmag.ma\/?p=36102"},"modified":"2025-06-06T10:46:43","modified_gmt":"2025-06-06T09:46:43","slug":"orange-maroc-et-ericsson-sengagent-pour-une-connectivite-de-nouvelle-generation","status":"publish","type":"post","link":"https:\/\/letempsmag.ma\/?p=36102","title":{"rendered":"Orange Maroc et Ericsson s\u2019engagent pour une connectivit\u00e9 de nouvelle g\u00e9n\u00e9ration"},"content":{"rendered":"\n<p>Orange Maroc franchit une nouvelle \u00e9tape majeure dans le renforcement de son infrastructure r\u00e9seau en signant un accord strat\u00e9gique avec Ericsson, le g\u00e9ant su\u00e9dois des r\u00e9seaux t\u00e9l\u00e9coms, pour la modernisation et l\u2019extension de son c\u0153ur de r\u00e9seau. Cette alliance in\u00e9dite s\u2019inscrit pleinement dans la vision d\u2019Orange Maroc visant \u00e0 offrir une connectivit\u00e9 ultra-performante, en pr\u00e9paration du lancement de la 5G et en ligne avec les objectifs de la strat\u00e9gie \u00abMaroc Digital 2030\u00bb.<\/p>\n\n\n\n<p>Cette collaboration permettra \u00e0 Orange Maroc d\u2019int\u00e9grer des technologies de pointe, notamment le dual mode \u00ab5G Core\u00bb et la \u00abCloud Native Infrastructure Solution\u00bb d\u2019Ericsson, optimis\u00e9e pour l\u2019h\u00e9bergement d\u2019applications 5G cloud natives. Cette modernisation augmentera la capacit\u00e9 du r\u00e9seau d&#8217;Orange Maroc et am\u00e9liorera l&#8217;exp\u00e9rience client, tout en permettant \u00e0 Orange Maroc de b\u00e2tir une architecture r\u00e9seau \u00e9volutive en vue de l&#8217;introduction de la 5G.<\/p>\n\n\n\n<p><em>Modernisation et connectivit\u00e9 renforc\u00e9e<\/em><\/p>\n\n\n\n<p>Gr\u00e2ce \u00e0 ce partenariat strat\u00e9gique, Orange Maroc va introduire l\u2019\u00abEricsson Cloud Core Policy Controller\u00bb, assurant ainsi une haute scalabilit\u00e9 (capacit\u00e9 \u00e0 s&#8217;adapter et \u00e0 fonctionner efficacement avec des charges de travail variables), une meilleure r\u00e9silience du r\u00e9seau et de nouveaux mod\u00e8les \u00e9conomiques. Ericsson \u00e9tendra \u00e9galement son r\u00e9seau avec des sites suppl\u00e9mentaires de \u00abIP Multimedia Subsystem\u00bb (IMS) et \u00abEricsson Packet Core\u00bb afin de renforcer les services de la voix sur \u00abLTE\u00bb (VoLTE) et de fournir des services 4G et 5G hautement fiables, tels que le haut d\u00e9bit mobile am\u00e9lior\u00e9 (eMBB), l&#8217;acc\u00e8s fixe sans fil (FWA), les jeux vid\u00e9o et les services de connectivit\u00e9 industrielle.<\/p>\n\n\n\n<p>La modernisation inclut \u00e9galement l\u2019am\u00e9lioration de l&#8217;automatisation et l&#8217;orchestration de l\u2019infrastructure native cloud gr\u00e2ce \u00e0 des mises \u00e0 niveau des logiciels \u00abEricsson Network Manager\u00bb, \u00abOrchestrator\u00bb et \u00abNetwork IQ Statistics\u00bb d\u00e9j\u00e0 utilis\u00e9es par Orange Maroc pour orchestrer son r\u00e9seau.<\/p>\n\n\n\n<p>Hendrik Kasteel, Directeur G\u00e9n\u00e9ral d\u2019Orange Maroc, d\u00e9clare&nbsp;: \u00abOrange Maroc place l\u2019innovation et la satisfaction de ses clients au c\u0153ur de sa strat\u00e9gie. Ce partenariat avec Ericsson consolide notre engagement \u00e0 offrir un r\u00e9seau toujours plus puissant, fiable et adapt\u00e9 aux besoins digitaux croissants des Marocains. En modernisant notre infrastructure, nous acc\u00e9l\u00e9rons notre capacit\u00e9 \u00e0 d\u00e9ployer la 5G et \u00e0 soutenir la transformation num\u00e9rique du Maroc, en parfaite synergie avec la vision Maroc Digital 2030\u00bb.<\/p>\n\n\n\n<p>Pour sa part, Majda Lahlou Kassi, Pr\u00e9sidente d&#8217;Ericsson Maroc et Vice-Pr\u00e9sidente d\u2019Ericsson Afrique de l\u2019Ouest et Afrique Australe, souligne&nbsp;: \u00abChez Ericsson, la r\u00e9ussite de nos clients est au c\u0153ur de notre mission. Nous sommes fiers d\u2019accompagner Orange Maroc dans cette transformation majeure, qui vise \u00e0 r\u00e9pondre \u00e0 l\u2019\u00e9volution rapide des besoins de connectivit\u00e9 et \u00e0 offrir une infrastructure robuste, \u00e9volutive et durable. Ce projet refl\u00e8te notre volont\u00e9 constante de cr\u00e9er de la valeur pour nos partenaires tout en contribuant au d\u00e9veloppement num\u00e9rique du Maroc\u00bb.<\/p>\n\n\n\n<p>Avec plus de 20 ans de collaboration entre Orange Maroc et Ericsson, ce nouveau projet renforce la position de l\u2019op\u00e9rateur t\u00e9l\u00e9coms en tant qu\u2019acteur technologique engag\u00e9 dans l\u2019excellence des r\u00e9seaux. En anticipant les besoins en connectivit\u00e9 et en investissant dans des infrastructures de pointe, Orange Maroc r\u00e9affirme ainsi son r\u00f4le-cl\u00e9 dans l\u2019accompagnement de la croissance \u00e9conomique et sociale du Maroc \u00e0 travers le digital.<\/p>\n","protected":false},"excerpt":{"rendered":"<p>Orange Maroc franchit une nouvelle \u00e9tape majeure dans le renforcement de son infrastructure r\u00e9seau en signant un accord strat\u00e9gique avec Ericsson, le g\u00e9ant su\u00e9dois des r\u00e9seaux t\u00e9l\u00e9coms, pour la modernisation et l\u2019extension de son c\u0153ur de r\u00e9seau. Cette alliance in\u00e9dite s\u2019inscrit pleinement dans la vision d\u2019Orange Maroc visant \u00e0 offrir une connectivit\u00e9 ultra-performante, en pr\u00e9paration &hellip;<\/p>\n","protected":false},"author":9,"featured_media":36085,"comment_status":"open","ping_status":"closed","sticky":false,"template":"","format":"standard","meta":{"footnotes":""},"categories":[414],"tags":[],"class_list":["post-36102","post","type-post","status-publish","format-standard","has-post-thumbnail","hentry","category-reseaux"],"_links":{"self":[{"href":"https:\/\/letempsmag.ma\/index.php?rest_route=\/wp\/v2\/posts\/36102","targetHints":{"allow":["GET"]}}],"collection":[{"href":"https:\/\/letempsmag.ma\/index.php?rest_route=\/wp\/v2\/posts"}],"about":[{"href":"https:\/\/letempsmag.ma\/index.php?rest_route=\/wp\/v2\/types\/post"}],"author":[{"embeddable":true,"href":"https:\/\/letempsmag.ma\/index.php?rest_route=\/wp\/v2\/users\/9"}],"replies":[{"embeddable":true,"href":"https:\/\/letempsmag.ma\/index.php?rest_route=%2Fwp%2Fv2%2Fcomments&post=36102"}],"version-history":[{"count":1,"href":"https:\/\/letempsmag.ma\/index.php?rest_route=\/wp\/v2\/posts\/36102\/revisions"}],"predecessor-version":[{"id":36103,"href":"https:\/\/letempsmag.ma\/index.php?rest_route=\/wp\/v2\/posts\/36102\/revisions\/36103"}],"wp:featuredmedia":[{"embeddable":true,"href":"https:\/\/letempsmag.ma\/index.php?rest_route=\/wp\/v2\/media\/36085"}],"wp:attachment":[{"href":"https:\/\/letempsmag.ma\/index.php?rest_route=%2Fwp%2Fv2%2Fmedia&parent=36102"}],"wp:term":[{"taxonomy":"category","embeddable":true,"href":"https:\/\/letempsmag.ma\/index.php?rest_route=%2Fwp%2Fv2%2Fcategories&post=36102"},{"taxonomy":"post_tag","embeddable":true,"href":"https:\/\/letempsmag.ma\/index.php?rest_route=%2Fwp%2Fv2%2Ftags&post=36102"}],"curies":[{"name":"wp","href":"https:\/\/api.w.org\/{rel}","templated":true}]}}