{"id":36098,"date":"2025-06-06T10:44:28","date_gmt":"2025-06-06T09:44:28","guid":{"rendered":"https:\/\/letempsmag.ma\/?p=36098"},"modified":"2025-06-06T10:44:29","modified_gmt":"2025-06-06T09:44:29","slug":"portnet-en-tournee-regionale-pour-booster-la-digitalisation-du-comex","status":"publish","type":"post","link":"https:\/\/letempsmag.ma\/?p=36098","title":{"rendered":"PortNet en tourn\u00e9e r\u00e9gionale pour booster la digitalisation du comex"},"content":{"rendered":"\n<p>Apr\u00e8s une premi\u00e8re escale remarqu\u00e9e dans la r\u00e9gion de l\u2019Oriental, la Caravane R\u00e9gionale de PortNet S.A. poursuit son parcours vers la r\u00e9gion F\u00e8s-Mekn\u00e8s, avec pour ambition de rapprocher les services num\u00e9riques de leurs utilisateurs et d\u2019acc\u00e9l\u00e9rer la digitalisation du commerce ext\u00e9rieur (comex) \u00e0 l\u2019\u00e9chelle territoriale.<\/p>\n\n\n\n<p>Plac\u00e9e sous le th\u00e8me \u00e9vocateur \u00abRestons en communication pour une digitalisation au service du commerce ext\u00e9rieur\u00bb, l\u2019initiative marque une nouvelle \u00e9tape dans la strat\u00e9gie de d\u00e9ploiement r\u00e9gional de PortNet S.A. Elle est men\u00e9e en partenariat avec le Centre R\u00e9gional d\u2019Investissement (CRI) de F\u00e8s-Mekn\u00e8s, la Conf\u00e9d\u00e9ration G\u00e9n\u00e9rale des Entreprises du Maroc (CGEM) r\u00e9gionale, la Chambre de Commerce, d\u2019Industrie et de Services (CCIS) de F\u00e8s-Mekn\u00e8s, ainsi que la Direction R\u00e9gionale des Douanes.<\/p>\n\n\n\n<p>Dans un contexte de mutation acc\u00e9l\u00e9r\u00e9e des cha\u00eenes logistiques mondiales, la transformation digitale s\u2019impose plus que jamais comme un levier de comp\u00e9titivit\u00e9. \u00c0 cet \u00e9gard, F\u00e8s-Mekn\u00e8s, r\u00e9gion \u00e0 fort potentiel industriel, artisanal et agricole, repr\u00e9sente un maillon strat\u00e9gique. Dot\u00e9e d\u2019infrastructures prometteuses, \u00e0 l\u2019image du port sec de F\u00e8s, elle est appel\u00e9e \u00e0 jouer un r\u00f4le cl\u00e9 dans la modernisation de la logistique et dans le soutien aux exportations marocaines.<\/p>\n\n\n\n<p>La rencontre du 17 juin r\u00e9unira d\u00e9cideurs \u00e9conomiques, institutionnels, op\u00e9rateurs logistiques et chefs d\u2019entreprise autour de tables rondes et d\u2019ateliers pratiques. L\u2019objectif est d\u2019\u00e9changer sur les services num\u00e9riques de PortNet S.A., de discuter des d\u00e9fis logistiques et r\u00e9glementaires et de co-construire des solutions adapt\u00e9es aux sp\u00e9cificit\u00e9s r\u00e9gionales.<\/p>\n\n\n\n<p>Au-del\u00e0 des d\u00e9monstrations techniques, l\u2019\u00e9v\u00e9nement se veut aussi un espace de dialogue inclusif entre secteur public et secteur priv\u00e9. Il s\u2019inscrit pleinement dans la volont\u00e9 de PortNet S.A. de b\u00e2tir un \u00e9cosyst\u00e8me de commerce ext\u00e9rieur plus agile, collaboratif et r\u00e9solument tourn\u00e9 vers l\u2019innovation.<\/p>\n\n\n\n<p>En poursuivant sa tourn\u00e9e r\u00e9gionale, PortNet S.A. confirme sa mission primordiale&nbsp;: faire de la digitalisation un moteur de d\u00e9veloppement \u00e9conomique territorial, au service d\u2019un Maroc mieux connect\u00e9 aux standards internationaux.<\/p>\n\n\n\n<p>L. F.<\/p>\n\n\n\n<p><\/p>\n","protected":false},"excerpt":{"rendered":"<p>Apr\u00e8s une premi\u00e8re escale remarqu\u00e9e dans la r\u00e9gion de l\u2019Oriental, la Caravane R\u00e9gionale de PortNet S.A. poursuit son parcours vers la r\u00e9gion F\u00e8s-Mekn\u00e8s, avec pour ambition de rapprocher les services num\u00e9riques de leurs utilisateurs et d\u2019acc\u00e9l\u00e9rer la digitalisation du commerce ext\u00e9rieur (comex) \u00e0 l\u2019\u00e9chelle territoriale. Plac\u00e9e sous le th\u00e8me \u00e9vocateur \u00abRestons en communication pour une &hellip;<\/p>\n","protected":false},"author":9,"featured_media":36089,"comment_status":"open","ping_status":"closed","sticky":false,"template":"","format":"standard","meta":{"footnotes":""},"categories":[1491],"tags":[],"class_list":["post-36098","post","type-post","status-publish","format-standard","has-post-thumbnail","hentry","category-caravane"],"_links":{"self":[{"href":"https:\/\/letempsmag.ma\/index.php?rest_route=\/wp\/v2\/posts\/36098","targetHints":{"allow":["GET"]}}],"collection":[{"href":"https:\/\/letempsmag.ma\/index.php?rest_route=\/wp\/v2\/posts"}],"about":[{"href":"https:\/\/letempsmag.ma\/index.php?rest_route=\/wp\/v2\/types\/post"}],"author":[{"embeddable":true,"href":"https:\/\/letempsmag.ma\/index.php?rest_route=\/wp\/v2\/users\/9"}],"replies":[{"embeddable":true,"href":"https:\/\/letempsmag.ma\/index.php?rest_route=%2Fwp%2Fv2%2Fcomments&post=36098"}],"version-history":[{"count":1,"href":"https:\/\/letempsmag.ma\/index.php?rest_route=\/wp\/v2\/posts\/36098\/revisions"}],"predecessor-version":[{"id":36099,"href":"https:\/\/letempsmag.ma\/index.php?rest_route=\/wp\/v2\/posts\/36098\/revisions\/36099"}],"wp:featuredmedia":[{"embeddable":true,"href":"https:\/\/letempsmag.ma\/index.php?rest_route=\/wp\/v2\/media\/36089"}],"wp:attachment":[{"href":"https:\/\/letempsmag.ma\/index.php?rest_route=%2Fwp%2Fv2%2Fmedia&parent=36098"}],"wp:term":[{"taxonomy":"category","embeddable":true,"href":"https:\/\/letempsmag.ma\/index.php?rest_route=%2Fwp%2Fv2%2Fcategories&post=36098"},{"taxonomy":"post_tag","embeddable":true,"href":"https:\/\/letempsmag.ma\/index.php?rest_route=%2Fwp%2Fv2%2Ftags&post=36098"}],"curies":[{"name":"wp","href":"https:\/\/api.w.org\/{rel}","templated":true}]}}