{"id":36068,"date":"2025-06-05T10:56:33","date_gmt":"2025-06-05T09:56:33","guid":{"rendered":"https:\/\/letempsmag.ma\/?p=36068"},"modified":"2025-06-05T10:56:33","modified_gmt":"2025-06-05T09:56:33","slug":"murmure-la-creatrice-meriem-belkhayat-devoile-sa-collection-automne-hiver","status":"publish","type":"post","link":"https:\/\/letempsmag.ma\/?p=36068","title":{"rendered":"\u00abMurmure\u00bb\u00a0: la cr\u00e9atrice Meriem Belkhayat d\u00e9voile sa collection automne-hiver"},"content":{"rendered":"\n<p>La cr\u00e9atrice marocaine de renom, Meriem Belkhayat, pr\u00e9sentera sa nouvelle collection \u00abMurmure\u00bb pour la saison automne-hiver 2025-2026, le 17 juin au Mechouar dans le cadre prestigieux de \u00abMahkamat Al Bacha\u00bb \u00e0 Casablanca. Cette collection incarne un dialogue entre tradition et modernit\u00e9, o\u00f9 chaque pi\u00e8ce raconte une histoire de passion, de silences habit\u00e9s et de chuchotements intimes.<\/p>\n\n\n\n<p>La collection \u00abMurmure\u00bb puise son inspiration dans les nuances subtiles de l\u2019hiver, \u00e0 travers une palette de couleurs soigneusement choisies&nbsp;: chocolat profond et terracotta chaleureux pour une touche terreuse, vert amande et bleu ciel \u00e9voquant la s\u00e9r\u00e9nit\u00e9, bleu-gris inspir\u00e9 des constellations nocturnes, noir et blanc ind\u00e9modables et rose tendre apportant une douceur f\u00e9minine<\/p>\n\n\n\n<p>Ces teintes, choisies pour leur \u00e9l\u00e9gance intemporelle et leur r\u00e9sonance mondiale, habillent des silhouettes o\u00f9 romantisme et modernit\u00e9 se rencontrent.<\/p>\n\n\n\n<p><em>Une signature marocaine et universelle<\/em><\/p>\n\n\n\n<p>\u00abMurmure\u00bb est bien plus qu\u2019une collection. C\u2019est un voyage \u00e9motionnel, une ode \u00e0 la femme marocaine et \u00e0 son h\u00e9ritage culturel, port\u00e9 avec discr\u00e9tion et \u00e9l\u00e9gance. Meriem Belkhayat y affirme son style unique, profond\u00e9ment ancr\u00e9 dans ses racines tout en s\u2019adressant au monde. Le d\u00e9fil\u00e9 prendra vie au sein de \u00abMahkamat Al Bacha\u00bb dont l\u2019architecture majestueuse et les murs charg\u00e9s d\u2019histoire offriront une exp\u00e9rience immersive. Les cr\u00e9ations dialogueront ainsi avec les pierres anciennes, dans une ambiance \u00e0 la fois nostalgique et r\u00e9solument actuelle.<\/p>\n","protected":false},"excerpt":{"rendered":"<p>La cr\u00e9atrice marocaine de renom, Meriem Belkhayat, pr\u00e9sentera sa nouvelle collection \u00abMurmure\u00bb pour la saison automne-hiver 2025-2026, le 17 juin au Mechouar dans le cadre prestigieux de \u00abMahkamat Al Bacha\u00bb \u00e0 Casablanca. Cette collection incarne un dialogue entre tradition et modernit\u00e9, o\u00f9 chaque pi\u00e8ce raconte une histoire de passion, de silences habit\u00e9s et de chuchotements &hellip;<\/p>\n","protected":false},"author":9,"featured_media":36053,"comment_status":"open","ping_status":"closed","sticky":false,"template":"","format":"standard","meta":{"footnotes":""},"categories":[225],"tags":[],"class_list":["post-36068","post","type-post","status-publish","format-standard","has-post-thumbnail","hentry","category-design"],"_links":{"self":[{"href":"https:\/\/letempsmag.ma\/index.php?rest_route=\/wp\/v2\/posts\/36068","targetHints":{"allow":["GET"]}}],"collection":[{"href":"https:\/\/letempsmag.ma\/index.php?rest_route=\/wp\/v2\/posts"}],"about":[{"href":"https:\/\/letempsmag.ma\/index.php?rest_route=\/wp\/v2\/types\/post"}],"author":[{"embeddable":true,"href":"https:\/\/letempsmag.ma\/index.php?rest_route=\/wp\/v2\/users\/9"}],"replies":[{"embeddable":true,"href":"https:\/\/letempsmag.ma\/index.php?rest_route=%2Fwp%2Fv2%2Fcomments&post=36068"}],"version-history":[{"count":1,"href":"https:\/\/letempsmag.ma\/index.php?rest_route=\/wp\/v2\/posts\/36068\/revisions"}],"predecessor-version":[{"id":36069,"href":"https:\/\/letempsmag.ma\/index.php?rest_route=\/wp\/v2\/posts\/36068\/revisions\/36069"}],"wp:featuredmedia":[{"embeddable":true,"href":"https:\/\/letempsmag.ma\/index.php?rest_route=\/wp\/v2\/media\/36053"}],"wp:attachment":[{"href":"https:\/\/letempsmag.ma\/index.php?rest_route=%2Fwp%2Fv2%2Fmedia&parent=36068"}],"wp:term":[{"taxonomy":"category","embeddable":true,"href":"https:\/\/letempsmag.ma\/index.php?rest_route=%2Fwp%2Fv2%2Fcategories&post=36068"},{"taxonomy":"post_tag","embeddable":true,"href":"https:\/\/letempsmag.ma\/index.php?rest_route=%2Fwp%2Fv2%2Ftags&post=36068"}],"curies":[{"name":"wp","href":"https:\/\/api.w.org\/{rel}","templated":true}]}}