{"id":36060,"date":"2025-06-05T10:52:24","date_gmt":"2025-06-05T09:52:24","guid":{"rendered":"https:\/\/letempsmag.ma\/?p=36060"},"modified":"2025-06-05T10:52:24","modified_gmt":"2025-06-05T09:52:24","slug":"emirates-reprend-ses-services-vers-damas-a-partir-du-16-juillet-prochain","status":"publish","type":"post","link":"https:\/\/letempsmag.ma\/?p=36060","title":{"rendered":"Emirates reprend ses services vers Damas \u00e0 partir du 16 juillet prochain"},"content":{"rendered":"\n<p>Emirates s&#8217;appr\u00eate \u00e0 reprendre les vols vers Damas \u00e0 partir du 16 juillet prochain. Les op\u00e9rations vers la capitale syrienne avaient \u00e9t\u00e9 suspendues en 2012. Le retour des services fait suite \u00e0 une \u00e9valuation compl\u00e8te men\u00e9e en collaboration avec l&#8217;Autorit\u00e9 G\u00e9n\u00e9rale de l&#8217;Aviation Civile des \u00c9mirats Arabes Unis.<\/p>\n\n\n\n<p>Emirates commencera initialement avec trois services hebdomadaires (lundi, mercredi et dimanche) avec des plans d&#8217;expansion \u00e0 quatre vols hebdomadaires \u00e0 partir du 2 ao\u00fbt prochain avec un vol suppl\u00e9mentaire le samedi. La compagnie \u00e9tendra ses services vers Damas \u00e0 des op\u00e9rations quotidiennes, \u00e0 compter du 26 octobre 2025.<\/p>\n\n\n\n<p>Les services d&#8217;Emirates vers Damas seront op\u00e9r\u00e9s avec un Boeing 777-200LR de 302 places et sont pr\u00e9vus pour partir de Duba\u00ef sous le num\u00e9ro \u00abEK 913\u00bb \u00e0 12h, arrivant \u00e0 l&#8217;a\u00e9roport international de Damas \u00e0 14h10 (heure locale). Le vol de retour, \u00abEK 914\u00bb, partira de Damas \u00e0 16h30 et arrivera \u00e0 Duba\u00ef \u00e0 20h30 (heure locale).<\/p>\n\n\n\n<p>Ces vols ouvriront de nouvelles opportunit\u00e9s aux voyageurs pour se connecter facilement vers et depuis le r\u00e9seau de pr\u00e8s de 150 destinations de la compagnie a\u00e9rienne et soutiendront les efforts des \u00c9mirats Arabes Unis pour renforcer les liens bilat\u00e9raux et soutenir les aspirations syriennes \u00e0 se reconstruire et attirer les investissements \u00e9trangers dans des secteurs cl\u00e9s tels que l&#8217;\u00e9nergie, la construction et l&#8217;agriculture.<\/p>\n\n\n\n<p>Les clients d&#8217;Emirates voyageant vers et depuis Damas b\u00e9n\u00e9ficieront \u00e9galement du partenariat de partage de codes de la compagnie a\u00e9rienne avec Flydubai, qui compl\u00e9tera son programme de vols et offrira plus d&#8217;options et de commodit\u00e9 lors des voyages vers et depuis la capitale syrienne.<\/p>\n\n\n\n<p>Son Altesse Cheikh Ahmed Bin Saeed Al Maktoum, Pr\u00e9sident et Directeur G\u00e9n\u00e9ral, Emirates Airlineet Group, d\u00e9clare&nbsp;: \u00ab Emirates est ravie de red\u00e9marrer les op\u00e9rations vers Damas et de soutenir la voie \u00e0 suivre de la Syrie en fournissant un meilleur choix et une meilleure connectivit\u00e9, des liens \u00e9conomiques essentiels pour les investissements entrants ainsi qu&#8217;en ouvrant de nouvelles voies commerciales et l&#8217;acc\u00e8s aux march\u00e9s mondiaux pour le pays. Le r\u00e9tablissement des voyages a\u00e9riens et de la connectivit\u00e9 est \u00e9galement une bonne nouvelle pour nos clients qui constituent l&#8217;importante diaspora syrienne \u00e0 travers les Am\u00e9riques, l&#8217;Europe et le Conseil de Coop\u00e9ration du Golfe, qui sont impatients de rentrer chez eux et de se reconnecter \u00e0 leurs racines, et de tirer parti de leurs connaissances, comp\u00e9tences, expertise et ressources dans les efforts de d\u00e9veloppement en cours. Nous aimerions remercier les autorit\u00e9s syriennes pour leur soutien au renforcement de la connectivit\u00e9 entre Duba\u00ef et Damas et nous nous r\u00e9jouissons de renforcer les liens vers et depuis le pays gr\u00e2ce \u00e0 nos op\u00e9rations r\u00e9guli\u00e8res programm\u00e9es\u00bb.<\/p>\n\n\n\n<p>\u00c0 souligner que les volumes commerciaux entre les \u00c9mirats Arabes Unis et la Syrie ont atteint 680 millions de dollars am\u00e9ricains en 2024 (chiffres du minist\u00e8re de l&#8217;\u00c9conomie des \u00c9mirats Arabes Unis), soit une augmentation de 23% par rapport \u00e0 2023. Les nouveaux vols stimuleront davantage les liens commerciaux vitaux. La communaut\u00e9 syrienne florissante des \u00c9mirats Arabes Unis, compos\u00e9e de plus de 350.000 ressortissants (chiffres du minist\u00e8re \u00e9mirati des Affaires \u00e9trang\u00e8res), a jou\u00e9 un r\u00f4le int\u00e9gral dans la prosp\u00e9rit\u00e9 des \u00c9mirats, contribuant par le biais d&#8217;entreprises entrepreneuriales et d&#8217;expertise qualifi\u00e9e tout en enrichissant davantage la tapisserie culturelle dynamique du pays.<\/p>\n\n\n\n<p>L&#8217;avion Boeing 777-200LR op\u00e9rant vers et depuis Damas dispose de 38 si\u00e8ges en Classe Affaires aux c\u00f4t\u00e9s de 264 si\u00e8ges en Classe \u00c9conomique. La Classe Affaires d&#8217;Emirates sur le service de Damas sera dot\u00e9e d&#8217;une configuration \u00ab2-2-2\u00bb. Les voyageurs volant vers et depuis Damas avec Emirates peuvent profiter de la meilleure exp\u00e9rience dans le ciel avec une exp\u00e9rience culinaire in\u00e9gal\u00e9e, comprenant des plats d&#8217;inspiration levantine compl\u00e9t\u00e9s par une large s\u00e9lection de boissons premium. Les clients peuvent \u00e9galement s&#8217;asseoir et se d\u00e9tendre avec jusqu&#8217;\u00e0 6.500 cha\u00eenes de divertissement soigneusement s\u00e9lectionn\u00e9es, comprenant pr\u00e8s de 650 cha\u00eenes de contenu arabe, notamment des films, des \u00e9missions de t\u00e9l\u00e9vision, de la musique, des podcasts, des jeux, des livres audio et plus encore avec \u00abIce\u00bb, le syst\u00e8me de divertissement en vol internationalement prim\u00e9 d&#8217;Emirates.<\/p>\n\n\n\n<p>La compagnie avait d\u00e9marr\u00e9 ses services vers Damas en 1988. Avant de suspendre ses op\u00e9rations en 2012, elle avait transport\u00e9 plus de 2,1 millions de passagers vers et depuis la Syrie. Actuellement, Emirates dessert 13 villes au Moyen-Orient et aux pays du Conseil de Coop\u00e9ration du Golfe, desservant la r\u00e9gion avec un total de 191 vols hebdomadaires.<\/p>\n","protected":false},"excerpt":{"rendered":"<p>Emirates s&#8217;appr\u00eate \u00e0 reprendre les vols vers Damas \u00e0 partir du 16 juillet prochain. Les op\u00e9rations vers la capitale syrienne avaient \u00e9t\u00e9 suspendues en 2012. Le retour des services fait suite \u00e0 une \u00e9valuation compl\u00e8te men\u00e9e en collaboration avec l&#8217;Autorit\u00e9 G\u00e9n\u00e9rale de l&#8217;Aviation Civile des \u00c9mirats Arabes Unis. Emirates commencera initialement avec trois services hebdomadaires &hellip;<\/p>\n","protected":false},"author":9,"featured_media":36057,"comment_status":"open","ping_status":"closed","sticky":false,"template":"","format":"standard","meta":{"footnotes":""},"categories":[53],"tags":[],"class_list":["post-36060","post","type-post","status-publish","format-standard","has-post-thumbnail","hentry","category-aerien"],"_links":{"self":[{"href":"https:\/\/letempsmag.ma\/index.php?rest_route=\/wp\/v2\/posts\/36060","targetHints":{"allow":["GET"]}}],"collection":[{"href":"https:\/\/letempsmag.ma\/index.php?rest_route=\/wp\/v2\/posts"}],"about":[{"href":"https:\/\/letempsmag.ma\/index.php?rest_route=\/wp\/v2\/types\/post"}],"author":[{"embeddable":true,"href":"https:\/\/letempsmag.ma\/index.php?rest_route=\/wp\/v2\/users\/9"}],"replies":[{"embeddable":true,"href":"https:\/\/letempsmag.ma\/index.php?rest_route=%2Fwp%2Fv2%2Fcomments&post=36060"}],"version-history":[{"count":1,"href":"https:\/\/letempsmag.ma\/index.php?rest_route=\/wp\/v2\/posts\/36060\/revisions"}],"predecessor-version":[{"id":36061,"href":"https:\/\/letempsmag.ma\/index.php?rest_route=\/wp\/v2\/posts\/36060\/revisions\/36061"}],"wp:featuredmedia":[{"embeddable":true,"href":"https:\/\/letempsmag.ma\/index.php?rest_route=\/wp\/v2\/media\/36057"}],"wp:attachment":[{"href":"https:\/\/letempsmag.ma\/index.php?rest_route=%2Fwp%2Fv2%2Fmedia&parent=36060"}],"wp:term":[{"taxonomy":"category","embeddable":true,"href":"https:\/\/letempsmag.ma\/index.php?rest_route=%2Fwp%2Fv2%2Fcategories&post=36060"},{"taxonomy":"post_tag","embeddable":true,"href":"https:\/\/letempsmag.ma\/index.php?rest_route=%2Fwp%2Fv2%2Ftags&post=36060"}],"curies":[{"name":"wp","href":"https:\/\/api.w.org\/{rel}","templated":true}]}}