{"id":36043,"date":"2025-06-04T12:21:16","date_gmt":"2025-06-04T11:21:16","guid":{"rendered":"https:\/\/letempsmag.ma\/?p=36043"},"modified":"2025-06-04T12:21:16","modified_gmt":"2025-06-04T11:21:16","slug":"le-textile-marocain-sattaque-au-marche-nord-americain-avec-tactical-tactics-et-mazafil","status":"publish","type":"post","link":"https:\/\/letempsmag.ma\/?p=36043","title":{"rendered":"Le textile marocain s\u2019attaque au march\u00e9 nord-am\u00e9ricain avec Tactical Tactics et Mazafil"},"content":{"rendered":"\n<p>Le secteur textile national franchit une nouvelle \u00e9tape dans sa strat\u00e9gie d\u2019exportation. Tactical Tactics, bureau de d\u00e9veloppement commercial bas\u00e9 \u00e0 Casablanca, a officialis\u00e9 hier la signature d\u2019un partenariat strat\u00e9gique de cinq ans avec Mazafil, fleuron du textile national, pour repr\u00e9senter et commercialiser ses produits en Am\u00e9rique du Nord.<\/p>\n\n\n\n<p>L\u2019accord, conclu pour une dur\u00e9e initiale de cinq ans, conf\u00e8re \u00e0 Tactical Tactics le r\u00f4le de repr\u00e9sentant exclusif de Mazafil aux \u00c9tats-Unis et au Canada. L\u2019objectif&nbsp;: conqu\u00e9rir des parts de march\u00e9 dans un contexte o\u00f9 les acheteurs nord-am\u00e9ricains recherchent activement des alternatives aux fournisseurs asiatiques, notamment dans le domaine du textile industriel.<\/p>\n\n\n\n<p>\u00abCe partenariat incarne notre conviction que l&#8217;industrie marocaine a sa place sur les plus grandes sc\u00e8nes internationales\u00bb, souligne Dikra A\u00eft Nacere, Directrice G\u00e9n\u00e9rale de Tactical Tactics. \u00abNous misons sur l\u2019efficacit\u00e9, la proximit\u00e9 terrain et un mod\u00e8le bas\u00e9 sur la performance, pour g\u00e9n\u00e9rer des ventes concr\u00e8tes, durables, et b\u00e9n\u00e9fiques pour toutes les parties\u00bb.<\/p>\n\n\n\n<p>Entreprise fond\u00e9e en 1944, Mazafil est aujourd\u2019hui leader national dans la production de couvertures. Gr\u00e2ce \u00e0 une cha\u00eene de production int\u00e9gr\u00e9e allant de la filature \u00e0 la confection, elle produit chaque ann\u00e9e plus de 700.000 unit\u00e9s. Forte de ce savoir-faire, l\u2019entreprise voit dans ce partenariat une opportunit\u00e9 de repositionnement strat\u00e9gique.<\/p>\n\n\n\n<p>\u00abCe partenariat marque une \u00e9tape strat\u00e9gique pour Mazafil. Il s\u2019int\u00e8gre pleinement dans notre ambition de nous ouvrir \u00e0 de nouveaux march\u00e9s, de valoriser notre savoir-faire industriel au-del\u00e0 des fronti\u00e8res, et de positionner le textile marocain comme une r\u00e9f\u00e9rence de qualit\u00e9 \u00e0 l\u2019\u00e9chelle internationale. \u00c0 travers cette collaboration, nous souhaitons acc\u00e9l\u00e9rer notre d\u00e9veloppement \u00e0 l\u2019export, en particulier en Am\u00e9rique du Nord, o\u00f9 nous voyons de r\u00e9elles opportunit\u00e9s de croissance durable\u00bb, d\u00e9clare la pour sa part la Direction G\u00e9n\u00e9rale de Mazafil.<\/p>\n\n\n\n<p>La signature du protocole a \u00e9t\u00e9 c\u00e9l\u00e9br\u00e9e lors d\u2019un \u00e9v\u00e9nement r\u00e9unissant des repr\u00e9sentants de la Conf\u00e9d\u00e9ration G\u00e9n\u00e9rale des Entreprises du Maroc (CGEM), de l\u2019Association Marocaine des Industries du Textile et de l\u2019Habillement (AMITH), de la Chambre de Commerce Am\u00e9ricaine au Maroc (AMCHAM) ainsi que des partenaires commerciaux des deux entreprises.<\/p>\n\n\n\n<p>Le partenariat s\u2019inscrit dans une dynamique plus large de repositionnement du \u00abMade in Morocco\u00bb sur les march\u00e9s internationaux. Face aux d\u00e9fis de la cha\u00eene d\u2019approvisionnement mondiale, le Maroc ambitionne de devenir une alternative fiable et comp\u00e9titive aux grands pays producteurs d\u2019Asie, en misant sur la proximit\u00e9 g\u00e9ographique, la qualit\u00e9 de fabrication et la r\u00e9activit\u00e9 industrielle.<\/p>\n\n\n\n<p>L. F.<\/p>\n\n\n\n<p><\/p>\n","protected":false},"excerpt":{"rendered":"<p>Le secteur textile national franchit une nouvelle \u00e9tape dans sa strat\u00e9gie d\u2019exportation. Tactical Tactics, bureau de d\u00e9veloppement commercial bas\u00e9 \u00e0 Casablanca, a officialis\u00e9 hier la signature d\u2019un partenariat strat\u00e9gique de cinq ans avec Mazafil, fleuron du textile national, pour repr\u00e9senter et commercialiser ses produits en Am\u00e9rique du Nord. L\u2019accord, conclu pour une dur\u00e9e initiale de &hellip;<\/p>\n","protected":false},"author":9,"featured_media":36026,"comment_status":"open","ping_status":"closed","sticky":false,"template":"","format":"standard","meta":{"footnotes":""},"categories":[82],"tags":[],"class_list":["post-36043","post","type-post","status-publish","format-standard","has-post-thumbnail","hentry","category-industrie"],"_links":{"self":[{"href":"https:\/\/letempsmag.ma\/index.php?rest_route=\/wp\/v2\/posts\/36043","targetHints":{"allow":["GET"]}}],"collection":[{"href":"https:\/\/letempsmag.ma\/index.php?rest_route=\/wp\/v2\/posts"}],"about":[{"href":"https:\/\/letempsmag.ma\/index.php?rest_route=\/wp\/v2\/types\/post"}],"author":[{"embeddable":true,"href":"https:\/\/letempsmag.ma\/index.php?rest_route=\/wp\/v2\/users\/9"}],"replies":[{"embeddable":true,"href":"https:\/\/letempsmag.ma\/index.php?rest_route=%2Fwp%2Fv2%2Fcomments&post=36043"}],"version-history":[{"count":1,"href":"https:\/\/letempsmag.ma\/index.php?rest_route=\/wp\/v2\/posts\/36043\/revisions"}],"predecessor-version":[{"id":36044,"href":"https:\/\/letempsmag.ma\/index.php?rest_route=\/wp\/v2\/posts\/36043\/revisions\/36044"}],"wp:featuredmedia":[{"embeddable":true,"href":"https:\/\/letempsmag.ma\/index.php?rest_route=\/wp\/v2\/media\/36026"}],"wp:attachment":[{"href":"https:\/\/letempsmag.ma\/index.php?rest_route=%2Fwp%2Fv2%2Fmedia&parent=36043"}],"wp:term":[{"taxonomy":"category","embeddable":true,"href":"https:\/\/letempsmag.ma\/index.php?rest_route=%2Fwp%2Fv2%2Fcategories&post=36043"},{"taxonomy":"post_tag","embeddable":true,"href":"https:\/\/letempsmag.ma\/index.php?rest_route=%2Fwp%2Fv2%2Ftags&post=36043"}],"curies":[{"name":"wp","href":"https:\/\/api.w.org\/{rel}","templated":true}]}}