{"id":36041,"date":"2025-06-04T12:19:42","date_gmt":"2025-06-04T11:19:42","guid":{"rendered":"https:\/\/letempsmag.ma\/?p=36041"},"modified":"2025-06-04T12:19:42","modified_gmt":"2025-06-04T11:19:42","slug":"dacia-celebre-20-ans-de-success-story-au-maroc-avec-un-concert-evenement-a-la-casablancaise","status":"publish","type":"post","link":"https:\/\/letempsmag.ma\/?p=36041","title":{"rendered":"Dacia c\u00e9l\u00e8bre 20 ans de success story au Maroc avec un concert-\u00e9v\u00e9nement \u00e0 La Casablancaise"},"content":{"rendered":"\n<p>\u00c0 l\u2019occasion de ses 20 ans de pr\u00e9sence au Maroc, Dacia Maroc organise un concert-\u00e9v\u00e9nement pour remercier les clients de leur fid\u00e9lit\u00e9 et c\u00e9l\u00e9brer deux d\u00e9cennies de succ\u00e8s partag\u00e9. Le rendez-vous est fix\u00e9 au 14 juin prochain \u00e0 18h30 \u00e0 La Casablancaise des Sports, dans la m\u00e9gapole blanche.<\/p>\n\n\n\n<p>Cette soir\u00e9e festive r\u00e9unira sur sc\u00e8ne trois grandes figures de la sc\u00e8ne musicale marocaine&nbsp;: Hatim Ammor, Jaylann et Mr ID pour un spectacle haut en couleurs m\u00ealant pop, \u00e9lectro et rythmes marocains. Un moment unique plac\u00e9 sous le signe de la musique, de la convivialit\u00e9 et de la c\u00e9l\u00e9bration.<\/p>\n\n\n\n<p>Depuis son lancement au Maroc, Dacia s\u2019est impos\u00e9e comme une marque incontournable sur le march\u00e9 automobile national. Elle est leader des ventes depuis 2010. Le concert-anniversaire est destin\u00e9 \u00e0 c\u00e9l\u00e9brer cette belle success story.<\/p>\n\n\n\n<p>L\u2019entr\u00e9e sera gratuite et ouverte \u00e0 toutes et \u00e0 tous, sous r\u00e9serve d\u2019inscription pr\u00e9alable et de places disponibles via le lien \u00abhttps:\/\/\/20ans.dacia.ma\/\u00bb<\/p>\n","protected":false},"excerpt":{"rendered":"<p>\u00c0 l\u2019occasion de ses 20 ans de pr\u00e9sence au Maroc, Dacia Maroc organise un concert-\u00e9v\u00e9nement pour remercier les clients de leur fid\u00e9lit\u00e9 et c\u00e9l\u00e9brer deux d\u00e9cennies de succ\u00e8s partag\u00e9. Le rendez-vous est fix\u00e9 au 14 juin prochain \u00e0 18h30 \u00e0 La Casablancaise des Sports, dans la m\u00e9gapole blanche. Cette soir\u00e9e festive r\u00e9unira sur sc\u00e8ne trois &hellip;<\/p>\n","protected":false},"author":9,"featured_media":36029,"comment_status":"open","ping_status":"closed","sticky":false,"template":"","format":"standard","meta":{"footnotes":""},"categories":[219],"tags":[],"class_list":["post-36041","post","type-post","status-publish","format-standard","has-post-thumbnail","hentry","category-anniversaire"],"_links":{"self":[{"href":"https:\/\/letempsmag.ma\/index.php?rest_route=\/wp\/v2\/posts\/36041","targetHints":{"allow":["GET"]}}],"collection":[{"href":"https:\/\/letempsmag.ma\/index.php?rest_route=\/wp\/v2\/posts"}],"about":[{"href":"https:\/\/letempsmag.ma\/index.php?rest_route=\/wp\/v2\/types\/post"}],"author":[{"embeddable":true,"href":"https:\/\/letempsmag.ma\/index.php?rest_route=\/wp\/v2\/users\/9"}],"replies":[{"embeddable":true,"href":"https:\/\/letempsmag.ma\/index.php?rest_route=%2Fwp%2Fv2%2Fcomments&post=36041"}],"version-history":[{"count":1,"href":"https:\/\/letempsmag.ma\/index.php?rest_route=\/wp\/v2\/posts\/36041\/revisions"}],"predecessor-version":[{"id":36042,"href":"https:\/\/letempsmag.ma\/index.php?rest_route=\/wp\/v2\/posts\/36041\/revisions\/36042"}],"wp:featuredmedia":[{"embeddable":true,"href":"https:\/\/letempsmag.ma\/index.php?rest_route=\/wp\/v2\/media\/36029"}],"wp:attachment":[{"href":"https:\/\/letempsmag.ma\/index.php?rest_route=%2Fwp%2Fv2%2Fmedia&parent=36041"}],"wp:term":[{"taxonomy":"category","embeddable":true,"href":"https:\/\/letempsmag.ma\/index.php?rest_route=%2Fwp%2Fv2%2Fcategories&post=36041"},{"taxonomy":"post_tag","embeddable":true,"href":"https:\/\/letempsmag.ma\/index.php?rest_route=%2Fwp%2Fv2%2Ftags&post=36041"}],"curies":[{"name":"wp","href":"https:\/\/api.w.org\/{rel}","templated":true}]}}