{"id":36037,"date":"2025-06-04T12:17:03","date_gmt":"2025-06-04T11:17:03","guid":{"rendered":"https:\/\/letempsmag.ma\/?p=36037"},"modified":"2025-06-04T12:17:03","modified_gmt":"2025-06-04T11:17:03","slug":"vilion-renforce-sa-presence-dans-le-secteur-cosmetique-national","status":"publish","type":"post","link":"https:\/\/letempsmag.ma\/?p=36037","title":{"rendered":"Vilion renforce sa pr\u00e9sence dans le secteur cosm\u00e9tique national"},"content":{"rendered":"\n<p>Les Laboratoires Vilion, install\u00e9s \u00e0 B\u00e9ni Mellal, confirment leur position d\u2019acteur incontournable du secteur cosm\u00e9tique national gr\u00e2ce \u00e0 une unit\u00e9 industrielle de pointe, con\u00e7ue selon les derni\u00e8res innovations technologiques en mati\u00e8re de production, de s\u00e9curit\u00e9 et de respect des normes environnementales.<\/p>\n\n\n\n<p>Dans une volont\u00e9 constante de d\u00e9veloppement, de visibilit\u00e9 et de partage de leur savoir-faire, Vilion a particip\u00e9 \u00e0 quatre Salons de r\u00e9f\u00e9rence en mai 2025, \u00e0 la fois professionnels et grand public. Une d\u00e9marche strat\u00e9gique qui illustre son dynamisme commercial, sa proximit\u00e9 avec les consommateurs et son engagement \u00e0 construire des partenariats solides dans l\u2019\u00e9cosyst\u00e8me cosm\u00e9tique marocain&nbsp;:<\/p>\n\n\n\n<p>&#8211; 8<sup>\u00e8me<\/sup> \u00e9dition du Salon Cosmetista Expo North &amp; West Africa, rendez-vous incontournable des professionnels de la beaut\u00e9 et des cosm\u00e9tiques.<\/p>\n\n\n\n<p>&#8211; 11<sup>\u00e8me<\/sup> \u00e9dition du Salon Para Expo, d\u00e9di\u00e9 \u00e0 la parapharmacie et aux produits de soins sp\u00e9cialis\u00e9s.<\/p>\n\n\n\n<p>&#8211; 3<sup>\u00e8me<\/sup> \u00e9dition du Forum International de la Chimie, r\u00e9unissant les industriels et chercheurs autour de l\u2019innovation chimique appliqu\u00e9e aux cosm\u00e9tiques.<\/p>\n\n\n\n<p>&#8211; 6<sup>\u00e8me<\/sup> \u00e9dition du Baby Show, \u00e9v\u00e9nement grand public centr\u00e9 sur la petite enfance et le bien-\u00eatre familial.<\/p>\n\n\n\n<p>\u00abNotre participation \u00e0 ces quatre \u00e9v\u00e9nements strat\u00e9giques en mai 2025 illustre notre engagement total envers l\u2019innovation, la souverainet\u00e9 industrielle et l\u2019\u00e9coute du march\u00e9. C\u2019est en allant \u00e0 la rencontre des professionnels comme du grand public que nous consolidons notre mission&nbsp;: faire rayonner le \u00abMade in Morocco\u00bb et positionner Vilion comme un acteur technologique de r\u00e9f\u00e9rence en Afrique\u00bb, souligne Hassan Bennis, Pr\u00e9sident Directeur G\u00e9n\u00e9ral et fondateur des Laboratoires Vilion.<\/p>\n\n\n\n<p><\/p>\n","protected":false},"excerpt":{"rendered":"<p>Les Laboratoires Vilion, install\u00e9s \u00e0 B\u00e9ni Mellal, confirment leur position d\u2019acteur incontournable du secteur cosm\u00e9tique national gr\u00e2ce \u00e0 une unit\u00e9 industrielle de pointe, con\u00e7ue selon les derni\u00e8res innovations technologiques en mati\u00e8re de production, de s\u00e9curit\u00e9 et de respect des normes environnementales. Dans une volont\u00e9 constante de d\u00e9veloppement, de visibilit\u00e9 et de partage de leur savoir-faire, &hellip;<\/p>\n","protected":false},"author":9,"featured_media":36024,"comment_status":"open","ping_status":"closed","sticky":false,"template":"","format":"standard","meta":{"footnotes":""},"categories":[1067],"tags":[],"class_list":["post-36037","post","type-post","status-publish","format-standard","has-post-thumbnail","hentry","category-salons"],"_links":{"self":[{"href":"https:\/\/letempsmag.ma\/index.php?rest_route=\/wp\/v2\/posts\/36037","targetHints":{"allow":["GET"]}}],"collection":[{"href":"https:\/\/letempsmag.ma\/index.php?rest_route=\/wp\/v2\/posts"}],"about":[{"href":"https:\/\/letempsmag.ma\/index.php?rest_route=\/wp\/v2\/types\/post"}],"author":[{"embeddable":true,"href":"https:\/\/letempsmag.ma\/index.php?rest_route=\/wp\/v2\/users\/9"}],"replies":[{"embeddable":true,"href":"https:\/\/letempsmag.ma\/index.php?rest_route=%2Fwp%2Fv2%2Fcomments&post=36037"}],"version-history":[{"count":1,"href":"https:\/\/letempsmag.ma\/index.php?rest_route=\/wp\/v2\/posts\/36037\/revisions"}],"predecessor-version":[{"id":36038,"href":"https:\/\/letempsmag.ma\/index.php?rest_route=\/wp\/v2\/posts\/36037\/revisions\/36038"}],"wp:featuredmedia":[{"embeddable":true,"href":"https:\/\/letempsmag.ma\/index.php?rest_route=\/wp\/v2\/media\/36024"}],"wp:attachment":[{"href":"https:\/\/letempsmag.ma\/index.php?rest_route=%2Fwp%2Fv2%2Fmedia&parent=36037"}],"wp:term":[{"taxonomy":"category","embeddable":true,"href":"https:\/\/letempsmag.ma\/index.php?rest_route=%2Fwp%2Fv2%2Fcategories&post=36037"},{"taxonomy":"post_tag","embeddable":true,"href":"https:\/\/letempsmag.ma\/index.php?rest_route=%2Fwp%2Fv2%2Ftags&post=36037"}],"curies":[{"name":"wp","href":"https:\/\/api.w.org\/{rel}","templated":true}]}}