{"id":36031,"date":"2025-06-04T12:06:00","date_gmt":"2025-06-04T11:06:00","guid":{"rendered":"https:\/\/letempsmag.ma\/?p=36031"},"modified":"2025-06-04T12:06:01","modified_gmt":"2025-06-04T11:06:01","slug":"ford-redefinit-sa-strategie-au-moyen-orient-et-en-afrique-du-nord","status":"publish","type":"post","link":"https:\/\/letempsmag.ma\/?p=36031","title":{"rendered":"Ford red\u00e9finit sa strat\u00e9gie au Moyen-Orient et en Afrique du Nord"},"content":{"rendered":"\n<p>Le constructeur automobile am\u00e9ricain Ford annonce un tournant strat\u00e9gique dans sa pr\u00e9sence au Moyen-Orient et en Afrique du Nord (MENA), avec une restructuration de grande ampleur visant \u00e0 renforcer sa proximit\u00e9 avec les march\u00e9s et \u00e0 acc\u00e9l\u00e9rer sa croissance dans la r\u00e9gion.<\/p>\n\n\n\n<p>Au c\u0153ur de cette nouvelle dynamique, la r\u00e9int\u00e9gration officielle de l\u2019Afrique du Nord dans le r\u00e9seau MENA, dont fait partie le Maroc, la consolidation des op\u00e9rations \u00e0 partir de son bureau de Riyad, et une s\u00e9rie de nominations cl\u00e9s \u00e0 des postes de direction. Cette r\u00e9organisation s&#8217;inscrit dans une volont\u00e9 affich\u00e9e du groupe de \u00abmieux accompagner l\u2019ensemble de la r\u00e9gion\u00bb, selon Ravi Ravichandran, Pr\u00e9sident de la Division Ford Moyen-Orient et Afrique du Nord.<\/p>\n\n\n\n<p>Trois nominations viennent marquer cette nouvelle \u00e8re. Ramzy Hadi (\u00e0 droite sur la photo), un v\u00e9t\u00e9ran de Ford, pr\u00e9sent dans la r\u00e9gion depuis 2010, prend les commandes en tant que Directeur G\u00e9n\u00e9ral MENA. Il aura pour mission de piloter la strat\u00e9gie r\u00e9gionale, de conduire les op\u00e9rations et de d\u00e9velopper les partenariats avec les distributeurs. Quant \u00e0 Amith Shetty (\u00e0 gauche sur la photo), pr\u00e9c\u00e9demment responsable des activit\u00e9s en Arabie Saoudite, il voit ses attributions \u00e9tendues \u00e0 l\u2019Afrique du Nord. Il est d\u00e9sormais charg\u00e9 d\u2019aligner les priorit\u00e9s r\u00e9gionales sur les perspectives de croissance. Enfin, Khodr Dahoud prend la t\u00eate des ventes pour l\u2019Afrique du Nord avec pour mandat de dynamiser la pr\u00e9sence commerciale de Ford dans les pays de la r\u00e9gion.<\/p>\n\n\n\n<p>\u00abL\u2019engagement de Ford envers ses clients au Moyen-Orient et en Afrique du Nord est in\u00e9branlable. Ces nominations incarnent notre volont\u00e9 d\u2019aller plus loin dans notre proximit\u00e9 et notre efficacit\u00e9 op\u00e9rationnelle\u00bb, affirme Ravi Ravichandran.<\/p>\n\n\n\n<p>L\u2019\u00e9largissement du Bureau r\u00e9gional de Riyad (Arabie Saoudite) est une autre pierre angulaire de cette transformation. Il devient d\u00e9sormais le centre n\u00e9vralgique des op\u00e9rations couvrant l\u2019Arabie Saoudite, le Levant, le Qatar et d\u00e9sormais l\u2019Afrique du Nord. L\u2019objectif&nbsp;: gagner en r\u00e9activit\u00e9 et adapter les offres aux sp\u00e9cificit\u00e9s de chaque march\u00e9.<\/p>\n\n\n\n<p>Deux autres nominations viennent soutenir cette logique d\u2019optimisation du service client&nbsp;: Nicolas Lory est nomm\u00e9 Directeur Apr\u00e8s-Vente pour la r\u00e9gion MENA, et Hamzeh Shalan devient Responsable Apr\u00e8s-Vente pour l\u2019Arabie Saoudite et l\u2019Afrique du Nord.<\/p>\n\n\n\n<p>Cette refonte intervient alors que Ford enregistre une performance remarquable au premier trimestre 2025&nbsp;: +23% de ventes par rapport \u00e0 l\u2019ann\u00e9e pr\u00e9c\u00e9dente. Une dynamique qui vient conforter la place du constructeur parmi les leaders de l\u2019automobile dans la r\u00e9gion MENA.<\/p>\n\n\n\n<p>Dans le prolongement de cette croissance, Ford inaugure un centre de distribution de pi\u00e8ces \u00e0 Duba\u00ef. Cette plateforme logistique de 41.792 m2, abritant plus de 100.000 r\u00e9f\u00e9rences, permet d\u2019optimiser la cha\u00eene d\u2019approvisionnement et de r\u00e9duire les d\u00e9lais de livraison. Un atout strat\u00e9gique majeur qui renforce la capacit\u00e9 de Ford \u00e0 offrir un service rapide, fiable et adapt\u00e9 aux exigences croissantes de ses clients.<\/p>\n\n\n\n<p>Avec cette r\u00e9organisation ambitieuse, Ford r\u00e9affirme sa volont\u00e9 de consolider son leadership au Moyen-Orient tout en renfor\u00e7ant sa pr\u00e9sence en Afrique du Nord. S\u2019appuyant sur des dirigeants exp\u00e9riment\u00e9s, une infrastructure logistique modernis\u00e9e et une croissance soutenue, le constructeur entend bien continuer \u00e0 tisser des liens solides avec ses march\u00e9s-cl\u00e9s dans la r\u00e9gion.<\/p>\n\n\n\n<p>L. F.<\/p>\n","protected":false},"excerpt":{"rendered":"<p>Le constructeur automobile am\u00e9ricain Ford annonce un tournant strat\u00e9gique dans sa pr\u00e9sence au Moyen-Orient et en Afrique du Nord (MENA), avec une restructuration de grande ampleur visant \u00e0 renforcer sa proximit\u00e9 avec les march\u00e9s et \u00e0 acc\u00e9l\u00e9rer sa croissance dans la r\u00e9gion. Au c\u0153ur de cette nouvelle dynamique, la r\u00e9int\u00e9gration officielle de l\u2019Afrique du Nord &hellip;<\/p>\n","protected":false},"author":9,"featured_media":36030,"comment_status":"open","ping_status":"closed","sticky":false,"template":"","format":"standard","meta":{"footnotes":""},"categories":[121],"tags":[],"class_list":["post-36031","post","type-post","status-publish","format-standard","has-post-thumbnail","hentry","category-automobile"],"_links":{"self":[{"href":"https:\/\/letempsmag.ma\/index.php?rest_route=\/wp\/v2\/posts\/36031","targetHints":{"allow":["GET"]}}],"collection":[{"href":"https:\/\/letempsmag.ma\/index.php?rest_route=\/wp\/v2\/posts"}],"about":[{"href":"https:\/\/letempsmag.ma\/index.php?rest_route=\/wp\/v2\/types\/post"}],"author":[{"embeddable":true,"href":"https:\/\/letempsmag.ma\/index.php?rest_route=\/wp\/v2\/users\/9"}],"replies":[{"embeddable":true,"href":"https:\/\/letempsmag.ma\/index.php?rest_route=%2Fwp%2Fv2%2Fcomments&post=36031"}],"version-history":[{"count":1,"href":"https:\/\/letempsmag.ma\/index.php?rest_route=\/wp\/v2\/posts\/36031\/revisions"}],"predecessor-version":[{"id":36032,"href":"https:\/\/letempsmag.ma\/index.php?rest_route=\/wp\/v2\/posts\/36031\/revisions\/36032"}],"wp:featuredmedia":[{"embeddable":true,"href":"https:\/\/letempsmag.ma\/index.php?rest_route=\/wp\/v2\/media\/36030"}],"wp:attachment":[{"href":"https:\/\/letempsmag.ma\/index.php?rest_route=%2Fwp%2Fv2%2Fmedia&parent=36031"}],"wp:term":[{"taxonomy":"category","embeddable":true,"href":"https:\/\/letempsmag.ma\/index.php?rest_route=%2Fwp%2Fv2%2Fcategories&post=36031"},{"taxonomy":"post_tag","embeddable":true,"href":"https:\/\/letempsmag.ma\/index.php?rest_route=%2Fwp%2Fv2%2Ftags&post=36031"}],"curies":[{"name":"wp","href":"https:\/\/api.w.org\/{rel}","templated":true}]}}