{"id":36015,"date":"2025-06-03T11:49:49","date_gmt":"2025-06-03T10:49:49","guid":{"rendered":"https:\/\/letempsmag.ma\/?p=36015"},"modified":"2025-06-03T11:49:49","modified_gmt":"2025-06-03T10:49:49","slug":"deces-dabdelhak-el-mrini-porte-parole-du-palais-royal-et-historiographe-du-royaume","status":"publish","type":"post","link":"https:\/\/letempsmag.ma\/?p=36015","title":{"rendered":"D\u00e9c\u00e8s d\u2019Abdelhak El Mrini, Porte-parole du Palais Royal et historiographe du Royaume"},"content":{"rendered":"\n<p>Abdelhak El Mrini, Porte-parole du Palais et historiographe du Royaume, est d\u00e9c\u00e9d\u00e9 hier la nuit \u00e0 l\u2019\u00e2ge de 91 ans, laissant derri\u00e8re lui l\u2019image d\u2019un homme de grande rigueur intellectuelle, d\u2019efficacit\u00e9 et de pudeur.<\/p>\n\n\n\n<p>N\u00e9 \u00e0 Rabat en 1934, le d\u00e9funt \u00e9tait dans sa jeunesse un enseignant passionn\u00e9. En 1965, il a rejoint la Direction du Protocole Royal. En tant qu\u2019historiographe du Royaume, fonction qu\u2019il a occup\u00e9e depuis 2010, il a document\u00e9 avec rigueur et passion les activit\u00e9s Royales et notamment le r\u00f4le spirituel du Roi en tant que Commandeur des croyants.<\/p>\n\n\n\n<p>Abdelhak El Mrini \u00e9tait non seulement historien et \u00e9crivain, mais aussi un intellectuel f\u00e9ru des Lettres et de l\u2019art de la po\u00e9sie. Il a publi\u00e9 de nombreux ouvrages dont \u00abL\u2019arm\u00e9e marocaine \u00e0 travers l\u2019histoire\u00bb, r\u00e9compens\u00e9 par le Prix Litt\u00e9raire du Maroc en 1968.<\/p>\n\n\n\n<p>En cette douloureuse circonstance, nous pr\u00e9sentons nos condol\u00e9ances les plus attrist\u00e9es \u00e0 la famille du d\u00e9funt, ses proches et ses amis, priant le Tout-Puissant de l\u2019accueillir en son Paradis. \u00c0 Dieu nous sommes et \u00e0 Lui nous retournons.<\/p>\n","protected":false},"excerpt":{"rendered":"<p>Abdelhak El Mrini, Porte-parole du Palais et historiographe du Royaume, est d\u00e9c\u00e9d\u00e9 hier la nuit \u00e0 l\u2019\u00e2ge de 91 ans, laissant derri\u00e8re lui l\u2019image d\u2019un homme de grande rigueur intellectuelle, d\u2019efficacit\u00e9 et de pudeur. N\u00e9 \u00e0 Rabat en 1934, le d\u00e9funt \u00e9tait dans sa jeunesse un enseignant passionn\u00e9. En 1965, il a rejoint la Direction &hellip;<\/p>\n","protected":false},"author":9,"featured_media":35990,"comment_status":"open","ping_status":"closed","sticky":false,"template":"","format":"standard","meta":{"footnotes":""},"categories":[75],"tags":[],"class_list":["post-36015","post","type-post","status-publish","format-standard","has-post-thumbnail","hentry","category-necrologie"],"_links":{"self":[{"href":"https:\/\/letempsmag.ma\/index.php?rest_route=\/wp\/v2\/posts\/36015","targetHints":{"allow":["GET"]}}],"collection":[{"href":"https:\/\/letempsmag.ma\/index.php?rest_route=\/wp\/v2\/posts"}],"about":[{"href":"https:\/\/letempsmag.ma\/index.php?rest_route=\/wp\/v2\/types\/post"}],"author":[{"embeddable":true,"href":"https:\/\/letempsmag.ma\/index.php?rest_route=\/wp\/v2\/users\/9"}],"replies":[{"embeddable":true,"href":"https:\/\/letempsmag.ma\/index.php?rest_route=%2Fwp%2Fv2%2Fcomments&post=36015"}],"version-history":[{"count":1,"href":"https:\/\/letempsmag.ma\/index.php?rest_route=\/wp\/v2\/posts\/36015\/revisions"}],"predecessor-version":[{"id":36016,"href":"https:\/\/letempsmag.ma\/index.php?rest_route=\/wp\/v2\/posts\/36015\/revisions\/36016"}],"wp:featuredmedia":[{"embeddable":true,"href":"https:\/\/letempsmag.ma\/index.php?rest_route=\/wp\/v2\/media\/35990"}],"wp:attachment":[{"href":"https:\/\/letempsmag.ma\/index.php?rest_route=%2Fwp%2Fv2%2Fmedia&parent=36015"}],"wp:term":[{"taxonomy":"category","embeddable":true,"href":"https:\/\/letempsmag.ma\/index.php?rest_route=%2Fwp%2Fv2%2Fcategories&post=36015"},{"taxonomy":"post_tag","embeddable":true,"href":"https:\/\/letempsmag.ma\/index.php?rest_route=%2Fwp%2Fv2%2Ftags&post=36015"}],"curies":[{"name":"wp","href":"https:\/\/api.w.org\/{rel}","templated":true}]}}