{"id":36006,"date":"2025-06-03T11:43:11","date_gmt":"2025-06-03T10:43:11","guid":{"rendered":"https:\/\/letempsmag.ma\/?p=36006"},"modified":"2025-06-05T08:42:17","modified_gmt":"2025-06-05T07:42:17","slug":"le-theatre-meydene-a-marrakech-deroule-un-programme-exceptionnel-en-ce-mois-de-juin","status":"publish","type":"post","link":"https:\/\/letempsmag.ma\/?p=36006","title":{"rendered":"Le th\u00e9\u00e2tre Meydene \u00e0 Marrakech d\u00e9roule un programme exceptionnel en ce mois de juin"},"content":{"rendered":"\n<p>Ce mois de juin s\u2019annonce comme un v\u00e9ritable \u00e9crin de d\u00e9couvertes artistiques au Th\u00e9\u00e2tre Meydene \u00e0 M Avenue Marrakech. Une programmation riche vient en effet illuminer les nuits de la cit\u00e9 ocre, alliant patrimoine musical marocain, c\u00e9l\u00e9brations populaires et cr\u00e9ations sc\u00e9niques ambitieuses. Du 8 au 28 juin, le public est invit\u00e9 \u00e0 vivre des moments inoubliables au rythme des \u00e9motions, de la nostalgie et de l\u2019enchantement.<\/p>\n\n\n\n<p><em>8 juin \u00e0 20h30&nbsp;: Cha\u00e2biate avec Youssef Wahbi<\/em><\/p>\n\n\n\n<p>Meydene ouvre son mois de juin sous le signe des racines avec une soir\u00e9e populaire d\u2019exception&nbsp;: \u00abCha\u00e2biate 4\u00bb, en partenariat avec l\u2019Association Marrakech Tarab. Le talentueux Youssef Wahbi nous transporte au c\u0153ur des sonorit\u00e9s populaires marocaines, entre cha\u00e2bi, a\u00efta et rythmes chakouris. Cette veill\u00e9e musicale prend des airs de f\u00eate traditionnelle, une nuit marocaine authentique o\u00f9 le pass\u00e9 chante au pr\u00e9sent. Une immersion dans la richesse du folklore national, \u00e0 ne manquer sous aucun pr\u00e9texte. Billetterie&nbsp;: sur place ou via \u00abguichet.com\u00bb. Tarifs&nbsp;: 350 DH \u00abOr\u00bb et 250 DH \u00abConfort\u00bb.<\/p>\n\n\n\n<p><em>13 juin \u00e0 19h&nbsp;: \u00abLegends of the Sand\u00bb<\/em><\/p>\n\n\n\n<p>Place \u00e0 la po\u00e9sie visuelle et \u00e0 la gr\u00e2ce chor\u00e9graphique avec le spectacle de fin d\u2019ann\u00e9e \u00abLegends of the Sand\u00bb. Cette fresque sc\u00e9nique multidisciplinaire fait revivre les grandes l\u00e9gendes des Mille et Une Nuits, avec Sh\u00e9h\u00e9razade en fil conducteur. Des tout-petits de 3 ans aux adultes confirm\u00e9s, chaque artiste exprime la magie d\u2019un monde onirique \u00e0 travers danse, chant, th\u00e9\u00e2tre et projections immersives. Un hommage f\u00e9\u00e9rique \u00e0 l\u2019imaginaire oriental, \u00e0 d\u00e9couvrir en famille, entre \u00e9merveillement et \u00e9motion. Billetterie&nbsp;: sur place ou via \u00abguichet.com\u00bb. Tarif&nbsp;: 200 DH.<\/p>\n\n\n\n<p><em>17 Juin \u00e0 19h&nbsp;: Under the Spotlight<\/em><\/p>\n\n\n\n<p>Place \u00e0 l\u2019\u00e9nergie et \u00e0 la passion des jeunes artistes avec Under the Spotlight, le spectacle de fin d\u2019ann\u00e9e des \u00e9l\u00e8ves danseurs et chanteurs de l\u2019\u00e9cole. Une soir\u00e9e haute en couleurs, o\u00f9 se succ\u00e8dent num\u00e9ros de danse et de chant, entre classiques de Broadway et cr\u00e9ations originales. Port\u00e9e par une mise en sc\u00e8ne professionnelle, cette repr\u00e9sentation met en lumi\u00e8re le talent brut et la cr\u00e9ativit\u00e9 d\u00e9bordante de la nouvelle g\u00e9n\u00e9ration. Un rendez-vous familial, po\u00e9tique et inspirant, pour petits et grands r\u00eaveurs. Billetterie&nbsp;: sur place ou via \u00abguichet.com\u00bb. Tarif : 200 DH.<\/p>\n\n\n\n<p><em>28 juin \u00e0 20h30&nbsp;: Halimiyat avec les chefs-d\u2019\u0153uvre d\u2019Abdel Halim Hafed<\/em><\/p>\n\n\n\n<p>Le mois de juin sera cl\u00f4tur\u00e9 avec un concert-hommage vibrant et \u00e9mouvant&nbsp;; Halimiyat. Une odyss\u00e9e musicale d\u00e9di\u00e9e au g\u00e9ant du romantisme arabe, Abdel Halim Hafed. Port\u00e9 par deux voix marocaines envo\u00fbtantes, Ayoub Tijani et Youssef El Jarifi, accompagn\u00e9s par l\u2019orchestre virtuose dirig\u00e9 par le maestro Hicham Talamdi, ce concert revisite les grands classiques compos\u00e9s par Abdel Wahab, Baligh Hamdi ou encore El Mougy. Une soir\u00e9e d\u2019\u00e9l\u00e9gance et de m\u00e9moire, o\u00f9 les notes d\u2019un beau pass\u00e9 rencontrent la sensibilit\u00e9 d\u2019interpr\u00e8tes contemporains. Billetterie&nbsp;: sur place ou via \u00abguichet.com\u00bb. Tarifs&nbsp;: 350 DH \u00abOr\u00bb et 250 DH \u00abConfort\u00bb.<\/p>\n","protected":false},"excerpt":{"rendered":"<p>Ce mois de juin s\u2019annonce comme un v\u00e9ritable \u00e9crin de d\u00e9couvertes artistiques au Th\u00e9\u00e2tre Meydene \u00e0 M Avenue Marrakech. Une programmation riche vient en effet illuminer les nuits de la cit\u00e9 ocre, alliant patrimoine musical marocain, c\u00e9l\u00e9brations populaires et cr\u00e9ations sc\u00e9niques ambitieuses. Du 8 au 28 juin, le public est invit\u00e9 \u00e0 vivre des moments &hellip;<\/p>\n","protected":false},"author":9,"featured_media":36047,"comment_status":"open","ping_status":"closed","sticky":false,"template":"","format":"standard","meta":{"footnotes":""},"categories":[109],"tags":[],"class_list":["post-36006","post","type-post","status-publish","format-standard","has-post-thumbnail","hentry","category-divertissement"],"_links":{"self":[{"href":"https:\/\/letempsmag.ma\/index.php?rest_route=\/wp\/v2\/posts\/36006","targetHints":{"allow":["GET"]}}],"collection":[{"href":"https:\/\/letempsmag.ma\/index.php?rest_route=\/wp\/v2\/posts"}],"about":[{"href":"https:\/\/letempsmag.ma\/index.php?rest_route=\/wp\/v2\/types\/post"}],"author":[{"embeddable":true,"href":"https:\/\/letempsmag.ma\/index.php?rest_route=\/wp\/v2\/users\/9"}],"replies":[{"embeddable":true,"href":"https:\/\/letempsmag.ma\/index.php?rest_route=%2Fwp%2Fv2%2Fcomments&post=36006"}],"version-history":[{"count":1,"href":"https:\/\/letempsmag.ma\/index.php?rest_route=\/wp\/v2\/posts\/36006\/revisions"}],"predecessor-version":[{"id":36008,"href":"https:\/\/letempsmag.ma\/index.php?rest_route=\/wp\/v2\/posts\/36006\/revisions\/36008"}],"wp:featuredmedia":[{"embeddable":true,"href":"https:\/\/letempsmag.ma\/index.php?rest_route=\/wp\/v2\/media\/36047"}],"wp:attachment":[{"href":"https:\/\/letempsmag.ma\/index.php?rest_route=%2Fwp%2Fv2%2Fmedia&parent=36006"}],"wp:term":[{"taxonomy":"category","embeddable":true,"href":"https:\/\/letempsmag.ma\/index.php?rest_route=%2Fwp%2Fv2%2Fcategories&post=36006"},{"taxonomy":"post_tag","embeddable":true,"href":"https:\/\/letempsmag.ma\/index.php?rest_route=%2Fwp%2Fv2%2Ftags&post=36006"}],"curies":[{"name":"wp","href":"https:\/\/api.w.org\/{rel}","templated":true}]}}