{"id":36004,"date":"2025-06-03T11:38:43","date_gmt":"2025-06-03T10:38:43","guid":{"rendered":"https:\/\/letempsmag.ma\/?p=36004"},"modified":"2025-06-03T11:38:43","modified_gmt":"2025-06-03T10:38:43","slug":"renault-maroc-presente-des-modeles-au-service-dune-mobilite-plus-responsable","status":"publish","type":"post","link":"https:\/\/letempsmag.ma\/?p=36004","title":{"rendered":"Renault Maroc pr\u00e9sente des mod\u00e8les au service d\u2019une mobilit\u00e9 plus responsable"},"content":{"rendered":"\n<p>Renault Maroc poursuit son engagement en faveur d\u2019une mobilit\u00e9 plus durable avec sa technologie E-Tech, disponible sur le march\u00e9 national depuis 2023 et sous les projecteurs en cette ann\u00e9e 2025. La semaine \u00e9coul\u00e9e, en effet, la marque a pr\u00e9sent\u00e9 ses produits-phares dans l\u2019\u00e9crin de son nouveau store sur l\u2019embl\u00e9matique boulevard Al Massira, \u00e0 Casablanca, \u00e0 travers des mod\u00e8les innovants et respectueux de l\u2019environnement.<\/p>\n\n\n\n<p>Renault E-Tech est une technologie exclusive, issue de l\u2019expertise de la marque en mati\u00e8re de v\u00e9hicules \u00e9lectriques, et enrichie historiquement par l\u2019exp\u00e9rience de la Formule 1 via l\u2019\u00e9curie Renault DP World F1 Team. Plus \u00e9conomiques et \u00e9cologiques \u00e0 l\u2019usage, les motorisations full hybrid E-Tech et E-Tech \u00e9lectrique offrent une conduite fluide et dynamique, sans compromis sur les sensations. Les v\u00e9hicules full hybrid E-Tech, sans recharge, utilisent deux sources d\u2019\u00e9nergie&nbsp;: \u00e9lectrique et thermique. La batterie de ces v\u00e9hicules se recharge automatiquement en roulant, r\u00e9duisant la consommation de carburant tout en offrant une conduite \u00e9lectrique en ville allant jusqu&#8217;\u00e0 120 km sans sacrifier l\u2019autonomie d\u2019un v\u00e9hicule thermique. La technologie E-Tech \u00e9lectrique permet quant \u00e0 elle de profiter d\u2019une conduite r\u00e9active, fluide et silencieuse, \u00e0 bord de v\u00e9hicules dont le moteur n\u2019\u00e9met ni odeur ni polluant CO2.<\/p>\n\n\n\n<p>Chaque client a le loisir de jeter son d\u00e9volu sur la motorisation la mieux adapt\u00e9e \u00e0 ses usages, qu\u2019il s\u2019agisse d\u2019hybride ou d\u2019\u00e9lectrique.<\/p>\n\n\n\n<figure class=\"wp-block-image size-full\"><img loading=\"lazy\" decoding=\"async\" width=\"650\" height=\"364\" src=\"https:\/\/letempsmag.ma\/wp-content\/uploads\/2025\/06\/8-1.jpg\" alt=\"\" class=\"wp-image-35997\" srcset=\"https:\/\/letempsmag.ma\/wp-content\/uploads\/2025\/06\/8-1.jpg 650w, https:\/\/letempsmag.ma\/wp-content\/uploads\/2025\/06\/8-1-300x168.jpg 300w\" sizes=\"auto, (max-width: 650px) 100vw, 650px\" \/><\/figure>\n\n\n\n<p><em>RENAULT CLIO FULL HYBRID E-TECH<\/em><\/p>\n\n\n\n<p>Version&nbsp;: Esprit Alpine<\/p>\n\n\n\n<p>Moteur&nbsp;: full hybrid E-Tech 145 ch<\/p>\n\n\n\n<p>Prix&nbsp;: 235.000 DH<\/p>\n\n\n\n<figure class=\"wp-block-image size-full\"><img loading=\"lazy\" decoding=\"async\" width=\"650\" height=\"364\" src=\"https:\/\/letempsmag.ma\/wp-content\/uploads\/2025\/06\/6-1.jpg\" alt=\"\" class=\"wp-image-35995\" srcset=\"https:\/\/letempsmag.ma\/wp-content\/uploads\/2025\/06\/6-1.jpg 650w, https:\/\/letempsmag.ma\/wp-content\/uploads\/2025\/06\/6-1-300x168.jpg 300w\" sizes=\"auto, (max-width: 650px) 100vw, 650px\" \/><\/figure>\n\n\n\n<p><em>RENAULT MEGANE E-TECH \u00c9LECTRIQUE<\/em><\/p>\n\n\n\n<p>Version&nbsp;: Techno<\/p>\n\n\n\n<p>Moteur&nbsp;: E-Tech \u00c9lectrique 220 ch<\/p>\n\n\n\n<p>Prix&nbsp;: 395.000 DH<\/p>\n\n\n\n<figure class=\"wp-block-image size-full\"><img loading=\"lazy\" decoding=\"async\" width=\"650\" height=\"364\" src=\"https:\/\/letempsmag.ma\/wp-content\/uploads\/2025\/06\/9-1.jpg\" alt=\"\" class=\"wp-image-35998\" srcset=\"https:\/\/letempsmag.ma\/wp-content\/uploads\/2025\/06\/9-1.jpg 650w, https:\/\/letempsmag.ma\/wp-content\/uploads\/2025\/06\/9-1-300x168.jpg 300w\" sizes=\"auto, (max-width: 650px) 100vw, 650px\" \/><\/figure>\n\n\n\n<p><em>RENAULT ARKANA FULL HYBRID E-TECH<\/em><\/p>\n\n\n\n<p>Version&nbsp;: Esprit Alpine<\/p>\n\n\n\n<p>Moteur&nbsp;: full hybrid E-Tech 145 ch<\/p>\n\n\n\n<p>Prix&nbsp;: 285.000 DH<\/p>\n\n\n\n<figure class=\"wp-block-image size-full\"><img loading=\"lazy\" decoding=\"async\" width=\"650\" height=\"364\" src=\"https:\/\/letempsmag.ma\/wp-content\/uploads\/2025\/06\/10-1.jpg\" alt=\"\" class=\"wp-image-35999\" srcset=\"https:\/\/letempsmag.ma\/wp-content\/uploads\/2025\/06\/10-1.jpg 650w, https:\/\/letempsmag.ma\/wp-content\/uploads\/2025\/06\/10-1-300x168.jpg 300w\" sizes=\"auto, (max-width: 650px) 100vw, 650px\" \/><\/figure>\n\n\n\n<p><em>RENAULT AUSTRAL FULL HYBRID E-TECH<\/em><\/p>\n\n\n\n<p>Version&nbsp;: Esprit Alpine<\/p>\n\n\n\n<p>Moteur&nbsp;: full hybrid E-Tech 200 ch<\/p>\n\n\n\n<p>Prix&nbsp;: 345.000 DH<\/p>\n","protected":false},"excerpt":{"rendered":"<p>Renault Maroc poursuit son engagement en faveur d\u2019une mobilit\u00e9 plus durable avec sa technologie E-Tech, disponible sur le march\u00e9 national depuis 2023 et sous les projecteurs en cette ann\u00e9e 2025. La semaine \u00e9coul\u00e9e, en effet, la marque a pr\u00e9sent\u00e9 ses produits-phares dans l\u2019\u00e9crin de son nouveau store sur l\u2019embl\u00e9matique boulevard Al Massira, \u00e0 Casablanca, \u00e0 &hellip;<\/p>\n","protected":false},"author":9,"featured_media":35996,"comment_status":"open","ping_status":"closed","sticky":false,"template":"","format":"standard","meta":{"footnotes":""},"categories":[121],"tags":[],"class_list":["post-36004","post","type-post","status-publish","format-standard","has-post-thumbnail","hentry","category-automobile"],"_links":{"self":[{"href":"https:\/\/letempsmag.ma\/index.php?rest_route=\/wp\/v2\/posts\/36004","targetHints":{"allow":["GET"]}}],"collection":[{"href":"https:\/\/letempsmag.ma\/index.php?rest_route=\/wp\/v2\/posts"}],"about":[{"href":"https:\/\/letempsmag.ma\/index.php?rest_route=\/wp\/v2\/types\/post"}],"author":[{"embeddable":true,"href":"https:\/\/letempsmag.ma\/index.php?rest_route=\/wp\/v2\/users\/9"}],"replies":[{"embeddable":true,"href":"https:\/\/letempsmag.ma\/index.php?rest_route=%2Fwp%2Fv2%2Fcomments&post=36004"}],"version-history":[{"count":1,"href":"https:\/\/letempsmag.ma\/index.php?rest_route=\/wp\/v2\/posts\/36004\/revisions"}],"predecessor-version":[{"id":36005,"href":"https:\/\/letempsmag.ma\/index.php?rest_route=\/wp\/v2\/posts\/36004\/revisions\/36005"}],"wp:featuredmedia":[{"embeddable":true,"href":"https:\/\/letempsmag.ma\/index.php?rest_route=\/wp\/v2\/media\/35996"}],"wp:attachment":[{"href":"https:\/\/letempsmag.ma\/index.php?rest_route=%2Fwp%2Fv2%2Fmedia&parent=36004"}],"wp:term":[{"taxonomy":"category","embeddable":true,"href":"https:\/\/letempsmag.ma\/index.php?rest_route=%2Fwp%2Fv2%2Fcategories&post=36004"},{"taxonomy":"post_tag","embeddable":true,"href":"https:\/\/letempsmag.ma\/index.php?rest_route=%2Fwp%2Fv2%2Ftags&post=36004"}],"curies":[{"name":"wp","href":"https:\/\/api.w.org\/{rel}","templated":true}]}}