{"id":3600,"date":"2021-06-02T09:34:50","date_gmt":"2021-06-02T09:34:50","guid":{"rendered":"https:\/\/letempsmag.ma\/?p=3600"},"modified":"2021-06-02T09:34:50","modified_gmt":"2021-06-02T09:34:50","slug":"azilal-abrite-le-1er-college-rural-numerique-de-proximite-au-maroc","status":"publish","type":"post","link":"https:\/\/letempsmag.ma\/?p=3600","title":{"rendered":"Azilal abrite le 1er Coll\u00e8ge Rural Num\u00e9rique de Proximit\u00e9 au Maroc"},"content":{"rendered":"\n<p>C\u2019est au Douar Khallad, dans la province d\u2019Azilal, que le premier Coll\u00e8ge Rural Num\u00e9rique de Proximit\u00e9 (CORP), \u00abKhalid Iben Al Walid\u00bb, a ouvert ses portes cette ann\u00e9e. Situ\u00e9 dans la Commune A\u00eft Belal, ce CORP est le premier \u00e9tablissement d\u2019enseignement en milieu rural \u00e0 proposer des cours \u00e0 distance au niveau national.<\/p>\n\n\n\n<p>\u00c0 travers cet \u00e9tablissement novateur, le Maroc manifeste sa volont\u00e9 de rem\u00e9dier aux dysfonctionnements de l\u2019enseignement en milieu rural et dans les zones enclav\u00e9es en vue de renforcer l\u2019\u00e9galit\u00e9 des chances en mati\u00e8re d\u2019acc\u00e8s \u00e0 l\u2019enseignement, am\u00e9liorer le rendement du syst\u00e8me \u00e9ducatif, lutter contre la d\u00e9perdition scolaire et encourager la scolarisation de la fille rurale \u00e0 la faveur de l\u2019usage des technologies num\u00e9riques.<\/p>\n\n\n\n<p>La r\u00e9alisation de ce CORP est le fruit d\u2019un partenariat entre le minist\u00e8re de l\u2019\u00c9ducation nationale, de la Formation professionnelle, de l\u2019Enseignement sup\u00e9rieur et de la Recherche scientifique, l\u2019Acad\u00e9mie R\u00e9gionale de l\u2019\u00c9ducation et de la Formation de la r\u00e9gion B\u00e9ni Mellal-Kh\u00e9nifra (AREF), la Fondation Zakoura pour l\u2019\u00e9ducation ainsi que l\u2019Initiative Nationale pour le D\u00e9veloppement Humain (INDH) \u00e0 Azilal.<\/p>\n\n\n\n<p>Le CORP \u00abKhalid Iben Al Walid\u00bb est un \u00e9tablissement scolaire virtuel qui emploie une \u00e9quipe d\u2019enseignants \u00e0 distance, bas\u00e9e \u00e0 B\u00e9ni Mellal. L\u2019entit\u00e9 a \u00e9t\u00e9 dot\u00e9e des \u00e9quipements les plus modernes et compte entre 15 et 20 \u00e9l\u00e8ves \u00e2g\u00e9s de 12 \u00e0 16 ans pour chaque classe. Les \u00e9l\u00e8ves b\u00e9n\u00e9ficiaires re\u00e7oivent pendant trois ans des cours interactifs \u00e0 travers une plateforme digitale, des capsules et des enregistrements pour visionnage.<\/p>\n\n\n\n<p>Les b\u00e9n\u00e9ficiaires de ce projet sont des enfants d\u00e9scolaris\u00e9s ou qui ne disposent pas d\u2019\u00e9tablissements d\u2019enseignement dans leurs douars, ce qui leur permet de poursuivre leurs \u00e9tudes dans un environnement qui respecte les standards d\u2019un enseignement de qualit\u00e9. Selon la Fondation Zakoura, la mise en place de ce projet, le premier de son genre en milieu rural dans le Royaume, s\u2019inscrit pleinement dans la volont\u00e9 commune des parties prenantes de r\u00e9duire la fracture \u00e9ducative et de lutter contre le d\u00e9crochage scolaire tout en assurant une inclusion num\u00e9rique des b\u00e9n\u00e9ficiaires en zones rurales. Bas\u00e9 sur des solutions innovantes et alternatives pour faire face \u00e0 cette probl\u00e9matique, le CORP s\u2019articule autour de trois grands axes&nbsp;: promouvoir l\u2019\u00e9galit\u00e9 des chances pour l\u2019acc\u00e8s \u00e0 une scolarisation coll\u00e9giale, am\u00e9liorer la performance du syst\u00e8me \u00e9ducatif et le suivi scolaire afin de pr\u00e9venir l\u2019abandon scolaire et offrir un dispositif p\u00e9dagogique innovant \u00e0 travers l\u2019usage du num\u00e9rique.<\/p>\n\n\n\n<p>R\u00e9cemment, une rencontre de coordination a \u00e9t\u00e9 tenue entre le Directeur l\u2019AREF de B\u00e9ni Mellal-Kh\u00e9nifra, Moustafa Slifani, et le Pr\u00e9sident fondateur de la Fondation Zakoura, Noureddine Ayouch, en pr\u00e9sence de nombreux intervenants et partenaires. Le but&nbsp;: suivre de pr\u00e8s et accompagner la mise en \u0153uvre de cet important projet-pilote.<\/p>\n\n\n\n<p><strong>A. A.<\/strong><\/p>\n","protected":false},"excerpt":{"rendered":"<p>C\u2019est au Douar Khallad, dans la province d\u2019Azilal, que le premier Coll\u00e8ge Rural Num\u00e9rique de Proximit\u00e9 (CORP), \u00abKhalid Iben Al Walid\u00bb, a ouvert ses portes cette ann\u00e9e. Situ\u00e9 dans la Commune A\u00eft Belal, ce CORP est le premier \u00e9tablissement d\u2019enseignement en milieu rural \u00e0 proposer des cours \u00e0 distance au niveau national. \u00c0 travers cet &hellip;<\/p>\n","protected":false},"author":9,"featured_media":3601,"comment_status":"open","ping_status":"closed","sticky":false,"template":"","format":"standard","meta":{"footnotes":""},"categories":[227],"tags":[],"class_list":["post-3600","post","type-post","status-publish","format-standard","has-post-thumbnail","hentry","category-inclusion"],"_links":{"self":[{"href":"https:\/\/letempsmag.ma\/index.php?rest_route=\/wp\/v2\/posts\/3600","targetHints":{"allow":["GET"]}}],"collection":[{"href":"https:\/\/letempsmag.ma\/index.php?rest_route=\/wp\/v2\/posts"}],"about":[{"href":"https:\/\/letempsmag.ma\/index.php?rest_route=\/wp\/v2\/types\/post"}],"author":[{"embeddable":true,"href":"https:\/\/letempsmag.ma\/index.php?rest_route=\/wp\/v2\/users\/9"}],"replies":[{"embeddable":true,"href":"https:\/\/letempsmag.ma\/index.php?rest_route=%2Fwp%2Fv2%2Fcomments&post=3600"}],"version-history":[{"count":1,"href":"https:\/\/letempsmag.ma\/index.php?rest_route=\/wp\/v2\/posts\/3600\/revisions"}],"predecessor-version":[{"id":3602,"href":"https:\/\/letempsmag.ma\/index.php?rest_route=\/wp\/v2\/posts\/3600\/revisions\/3602"}],"wp:featuredmedia":[{"embeddable":true,"href":"https:\/\/letempsmag.ma\/index.php?rest_route=\/wp\/v2\/media\/3601"}],"wp:attachment":[{"href":"https:\/\/letempsmag.ma\/index.php?rest_route=%2Fwp%2Fv2%2Fmedia&parent=3600"}],"wp:term":[{"taxonomy":"category","embeddable":true,"href":"https:\/\/letempsmag.ma\/index.php?rest_route=%2Fwp%2Fv2%2Fcategories&post=3600"},{"taxonomy":"post_tag","embeddable":true,"href":"https:\/\/letempsmag.ma\/index.php?rest_route=%2Fwp%2Fv2%2Ftags&post=3600"}],"curies":[{"name":"wp","href":"https:\/\/api.w.org\/{rel}","templated":true}]}}