{"id":35984,"date":"2025-06-02T12:49:25","date_gmt":"2025-06-02T11:49:25","guid":{"rendered":"https:\/\/letempsmag.ma\/?p=35984"},"modified":"2025-06-02T12:49:25","modified_gmt":"2025-06-02T11:49:25","slug":"fatim-zahra-ammor-prend-part-en-espagne-au-conseil-executif-de-lorganisation-onu-tourisme","status":"publish","type":"post","link":"https:\/\/letempsmag.ma\/?p=35984","title":{"rendered":"Fatim-Zahra Ammor prend part en Espagne au Conseil Ex\u00e9cutif de l\u2019Organisation ONU Tourisme"},"content":{"rendered":"\n<p>\u00c0 l\u2019occasion de la 123<sup>\u00e8me<\/sup> session du Conseil Ex\u00e9cutif de l\u2019Organisation des Nations-Unies du Tourisme (ONU Tourisme), tenue r\u00e9cemment \u00e0 S\u00e9govie (Espagne), le Maroc a \u00e9t\u00e9 repr\u00e9sent\u00e9 par une d\u00e9l\u00e9gation de haut niveau conduite par Fatim-Zahra Ammor, Ministre du Tourisme, de l\u2019Artisanat et de l\u2019\u00c9conomie sociale et solidaire, accompagn\u00e9e de Karima Benyaich, Ambassadrice du Maroc \u00e0 Madrid. La r\u00e9union onusienne a rassembl\u00e9 les Ministres et hauts responsables du tourisme des \u00c9tats membres de l\u2019ONU Tourisme pour discuter de l\u2019avenir du secteur.<\/p>\n\n\n\n<p>Cette session a rev\u00eatu une importance particuli\u00e8re, marqu\u00e9e par l\u2019\u00e9lection du nouveau Secr\u00e9taire G\u00e9n\u00e9ral de l\u2019ONU Tourisme pour le mandat 2026-2029; une d\u00e9cision importante pour orienter l\u2019organisation face aux d\u00e9fis mondiaux. Le Conseil Ex\u00e9cutif a ainsi proc\u00e9d\u00e9 \u00e0 l\u2019examen des candidatures pr\u00e9sent\u00e9es par les \u00c9mirats Arabes Unis, le Ghana, le Mexique et la Gr\u00e8ce. \u00c0 l\u2019issue des votes, Shaikha Al Nowais (\u00c9mirats Arabes Unis) a \u00e9t\u00e9 d\u00e9sign\u00e9e Secr\u00e9taire G\u00e9n\u00e9rale, devenant ainsi la premi\u00e8re femme \u00e0 diriger cette organisation onusienne depuis sa cr\u00e9ation.<\/p>\n\n\n\n<p>Les autres points de l\u2019agenda ont port\u00e9 sur la promotion d\u2019un tourisme durable et innovant, notamment dans un contexte d\u2019urgence climatique, ainsi que sur le d\u00e9veloppement du tourisme rural et des investissements dans le secteur.<\/p>\n\n\n\n<p><em>Le Bureau Th\u00e9matique s&#8217;installe au Maroc<\/em><\/p>\n\n\n\n<p>Un autre moment-phare de cette 123<sup>\u00e8me<\/sup> session a \u00e9t\u00e9 l&#8217;adoption formelle par le Conseil Ex\u00e9cutif de la d\u00e9cision d&#8217;\u00e9tablir le Bureau Th\u00e9matique pour l&#8217;Afrique au Maroc. Cette avanc\u00e9e majeure s&#8217;est concr\u00e9tis\u00e9e d\u2019abord par la signature entre le Gouvernement Marocain et l\u2019ONU Tourisme de l\u2019accord de si\u00e8ge en janvier 2025 et ensuite par l&#8217;accord financier en marge de cette session.<\/p>\n\n\n\n<p>Intervenant lors des travaux de cette session, Fatim-Zahra Ammor a soulign\u00e9 la dynamique exceptionnelle du tourisme marocain tout en plaidant pour un renforcement du r\u00f4le de l\u2019ONU Tourisme, particuli\u00e8rement en Afrique&nbsp;: \u00abLe Maroc se f\u00e9licite de la performance du secteur touristique \u00e0 l\u2019\u00e9chelle mondiale, notamment en Afrique o\u00f9 une progression de 7% en 2024 par rapport \u00e0 2019 a \u00e9t\u00e9 enregistr\u00e9e. De notre c\u00f4t\u00e9, le Royaume conna\u00eet une dynamique tr\u00e8s positive avec 17,4 millions de visiteurs en 2024, soit une augmentation de 35% par rapport \u00e0 2019. L\u2019ONU Tourisme joue un r\u00f4le essentiel dans la promotion d\u2019un tourisme durable, responsable et inclusif. Pour r\u00e9pondre aux attentes croissantes des \u00c9tats membres, en particulier sur le continent africain, il est n\u00e9cessaire de renforcer les capacit\u00e9s de l\u2019Organisation, afin qu\u2019elle puisse pleinement mener ses missions et mettre en \u0153uvre son programme de travail\u00bb<\/p>\n\n\n\n<p><em>Le Maroc, acteur engag\u00e9 dans l\u2019ONU Tourisme<\/em><\/p>\n\n\n\n<p>En marge de cette session, la Ministre marocaine a tenu des r\u00e9unions bilat\u00e9rales avec ses homologues des \u00c9mirats Arabes Unis, de l\u2019Espagne, du Ghana et du Mexique. Ces \u00e9changes ont permis d\u2019explorer les moyens de renforcer les relations de coop\u00e9ration existantes&nbsp;et d\u2019explorer de nouvelles opportunit\u00e9s de partenariats dans le domaine touristique.<\/p>\n\n\n\n<p>Membre fondateur de l\u2019ONU Tourisme depuis sa cr\u00e9ation en 1975, le Maroc participe r\u00e9guli\u00e8rement aux travaux des diff\u00e9rentes Sessions des Assembl\u00e9es G\u00e9n\u00e9rales de l\u2019Organisation. Le Maroc a cumul\u00e9 plusieurs mandats au Conseil Ex\u00e9cutif de l\u2019ONU Tourisme, dont le dernier couvre la p\u00e9riode 2022-2025. Le Maroc est aussi membre du Comit\u00e9 du Programme et du Budget de l\u2019ONU Tourisme pour la p\u00e9riode 2021-2027, membre du Comit\u00e9 des Statistiques de l\u2019ONU Tourisme pour la p\u00e9riode 2023-2027, ainsi que membre du Comit\u00e9 sur l\u2019\u00c9ducation en Ligne pour la p\u00e9riode 2021-2025.<\/p>\n","protected":false},"excerpt":{"rendered":"<p>\u00c0 l\u2019occasion de la 123\u00e8me session du Conseil Ex\u00e9cutif de l\u2019Organisation des Nations-Unies du Tourisme (ONU Tourisme), tenue r\u00e9cemment \u00e0 S\u00e9govie (Espagne), le Maroc a \u00e9t\u00e9 repr\u00e9sent\u00e9 par une d\u00e9l\u00e9gation de haut niveau conduite par Fatim-Zahra Ammor, Ministre du Tourisme, de l\u2019Artisanat et de l\u2019\u00c9conomie sociale et solidaire, accompagn\u00e9e de Karima Benyaich, Ambassadrice du Maroc &hellip;<\/p>\n","protected":false},"author":9,"featured_media":35966,"comment_status":"open","ping_status":"closed","sticky":false,"template":"","format":"standard","meta":{"footnotes":""},"categories":[203],"tags":[],"class_list":["post-35984","post","type-post","status-publish","format-standard","has-post-thumbnail","hentry","category-cooperation"],"_links":{"self":[{"href":"https:\/\/letempsmag.ma\/index.php?rest_route=\/wp\/v2\/posts\/35984","targetHints":{"allow":["GET"]}}],"collection":[{"href":"https:\/\/letempsmag.ma\/index.php?rest_route=\/wp\/v2\/posts"}],"about":[{"href":"https:\/\/letempsmag.ma\/index.php?rest_route=\/wp\/v2\/types\/post"}],"author":[{"embeddable":true,"href":"https:\/\/letempsmag.ma\/index.php?rest_route=\/wp\/v2\/users\/9"}],"replies":[{"embeddable":true,"href":"https:\/\/letempsmag.ma\/index.php?rest_route=%2Fwp%2Fv2%2Fcomments&post=35984"}],"version-history":[{"count":1,"href":"https:\/\/letempsmag.ma\/index.php?rest_route=\/wp\/v2\/posts\/35984\/revisions"}],"predecessor-version":[{"id":35985,"href":"https:\/\/letempsmag.ma\/index.php?rest_route=\/wp\/v2\/posts\/35984\/revisions\/35985"}],"wp:featuredmedia":[{"embeddable":true,"href":"https:\/\/letempsmag.ma\/index.php?rest_route=\/wp\/v2\/media\/35966"}],"wp:attachment":[{"href":"https:\/\/letempsmag.ma\/index.php?rest_route=%2Fwp%2Fv2%2Fmedia&parent=35984"}],"wp:term":[{"taxonomy":"category","embeddable":true,"href":"https:\/\/letempsmag.ma\/index.php?rest_route=%2Fwp%2Fv2%2Fcategories&post=35984"},{"taxonomy":"post_tag","embeddable":true,"href":"https:\/\/letempsmag.ma\/index.php?rest_route=%2Fwp%2Fv2%2Ftags&post=35984"}],"curies":[{"name":"wp","href":"https:\/\/api.w.org\/{rel}","templated":true}]}}