{"id":35942,"date":"2025-05-30T11:11:13","date_gmt":"2025-05-30T10:11:13","guid":{"rendered":"https:\/\/letempsmag.ma\/?p=35942"},"modified":"2025-05-30T11:11:14","modified_gmt":"2025-05-30T10:11:14","slug":"signature-de-laccord-financier-pour-le-bureau-de-lonu-tourisme-a-rabat","status":"publish","type":"post","link":"https:\/\/letempsmag.ma\/?p=35942","title":{"rendered":"Signature de l\u2019accord financier pour le Bureau de l\u2019ONU Tourisme \u00e0 Rabat"},"content":{"rendered":"\n<p>En marge de la 123<sup>\u00e8me<\/sup> session du Conseil Ex\u00e9cutif de l&#8217;ONU Tourisme, qui se tient ce vendredi 30 mai en Espagne, Fatim-Zahra Ammor, Ministre du Tourisme, de l&#8217;Artisanat et de l&#8217;\u00c9conomie sociale et solidaire, et Zurab Pololikashvili, Secr\u00e9taire G\u00e9n\u00e9ral de l&#8217;ONU Tourisme, ont proc\u00e9d\u00e9 \u00e0 la signature d\u2019un accord financier relatif \u00e0 l&#8217;\u00e9tablissement du premier Bureau th\u00e9matique de l&#8217;ONU Tourisme sur l&#8217;innovation pour l&#8217;Afrique \u00e0 Rabat. La c\u00e9r\u00e9monie de signature s\u2019est d\u00e9roul\u00e9e en pr\u00e9sence de Karima Benyaich, Ambassadrice du Maroc en Espagne.<\/p>\n\n\n\n<p>L\u2019accord marque une \u00e9tape essentielle pour l\u2019op\u00e9rationnalisation effective de ce premier Bureau th\u00e9matique de l\u2019ONU Tourisme sur l\u2019innovation pour l\u2019Afrique \u00e0 Rabat. Il d\u00e9finit les engagements des deux parties ainsi que les modalit\u00e9s administratives accord\u00e9es au Bureau, conform\u00e9ment \u00e0 l\u2019Article 5 de l\u2019Accord de si\u00e8ge sign\u00e9 en janvier 2025 entre le gouvernement Marocain et l\u2019ONU Tourisme.<\/p>\n\n\n\n<p>Ce Bureau \u0153uvrera \u00e0 soutenir l\u2019agenda 2030 de l\u2019ONU Tourisme pour l\u2019Afrique, pour faire de ce secteur productif un vecteur de d\u00e9veloppement dans le continent et ce conform\u00e9ment \u00e0 la Vision Royale de Sa Majest\u00e9 le Roi Mohammed VI, pour une action africaine commune.<\/p>\n\n\n\n<p>Le Bureau th\u00e9matique repr\u00e9sente une avanc\u00e9e majeure pour le d\u00e9veloppement touristique du continent. En s\u2019appuyant sur le leadership du Maroc en tant que hub africain du tourisme et de l\u2019innovation, il renforcera la coop\u00e9ration entre les \u00c9tats africains et l\u2019ONU Tourisme, en soutenant la transformation socio-\u00e9conomique des destinations touristiques africaines&nbsp;\u00e0 travers des programmes innovants.<\/p>\n","protected":false},"excerpt":{"rendered":"<p>En marge de la 123\u00e8me session du Conseil Ex\u00e9cutif de l&#8217;ONU Tourisme, qui se tient ce vendredi 30 mai en Espagne, Fatim-Zahra Ammor, Ministre du Tourisme, de l&#8217;Artisanat et de l&#8217;\u00c9conomie sociale et solidaire, et Zurab Pololikashvili, Secr\u00e9taire G\u00e9n\u00e9ral de l&#8217;ONU Tourisme, ont proc\u00e9d\u00e9 \u00e0 la signature d\u2019un accord financier relatif \u00e0 l&#8217;\u00e9tablissement du premier &hellip;<\/p>\n","protected":false},"author":9,"featured_media":35928,"comment_status":"open","ping_status":"closed","sticky":false,"template":"","format":"standard","meta":{"footnotes":""},"categories":[203],"tags":[],"class_list":["post-35942","post","type-post","status-publish","format-standard","has-post-thumbnail","hentry","category-cooperation"],"_links":{"self":[{"href":"https:\/\/letempsmag.ma\/index.php?rest_route=\/wp\/v2\/posts\/35942","targetHints":{"allow":["GET"]}}],"collection":[{"href":"https:\/\/letempsmag.ma\/index.php?rest_route=\/wp\/v2\/posts"}],"about":[{"href":"https:\/\/letempsmag.ma\/index.php?rest_route=\/wp\/v2\/types\/post"}],"author":[{"embeddable":true,"href":"https:\/\/letempsmag.ma\/index.php?rest_route=\/wp\/v2\/users\/9"}],"replies":[{"embeddable":true,"href":"https:\/\/letempsmag.ma\/index.php?rest_route=%2Fwp%2Fv2%2Fcomments&post=35942"}],"version-history":[{"count":1,"href":"https:\/\/letempsmag.ma\/index.php?rest_route=\/wp\/v2\/posts\/35942\/revisions"}],"predecessor-version":[{"id":35943,"href":"https:\/\/letempsmag.ma\/index.php?rest_route=\/wp\/v2\/posts\/35942\/revisions\/35943"}],"wp:featuredmedia":[{"embeddable":true,"href":"https:\/\/letempsmag.ma\/index.php?rest_route=\/wp\/v2\/media\/35928"}],"wp:attachment":[{"href":"https:\/\/letempsmag.ma\/index.php?rest_route=%2Fwp%2Fv2%2Fmedia&parent=35942"}],"wp:term":[{"taxonomy":"category","embeddable":true,"href":"https:\/\/letempsmag.ma\/index.php?rest_route=%2Fwp%2Fv2%2Fcategories&post=35942"},{"taxonomy":"post_tag","embeddable":true,"href":"https:\/\/letempsmag.ma\/index.php?rest_route=%2Fwp%2Fv2%2Ftags&post=35942"}],"curies":[{"name":"wp","href":"https:\/\/api.w.org\/{rel}","templated":true}]}}