{"id":35936,"date":"2025-05-30T11:07:51","date_gmt":"2025-05-30T10:07:51","guid":{"rendered":"https:\/\/letempsmag.ma\/?p=35936"},"modified":"2025-05-30T11:07:51","modified_gmt":"2025-05-30T10:07:51","slug":"idea-lance-la-premiere-edition-du-salon-de-linnovation-a-casablanca","status":"publish","type":"post","link":"https:\/\/letempsmag.ma\/?p=35936","title":{"rendered":"IDEA+ lance la premi\u00e8re \u00e9dition du Salon de l\u2019Innovation \u00e0 Casablanca"},"content":{"rendered":"\n<p>Le leader marocain de la distribution de marques internationales, IDEA+, a donn\u00e9 hier le coup d\u2019envoi de la premi\u00e8re \u00e9dition de son salon \u00abThe Idea Show\u00bb, un \u00e9v\u00e9nement in\u00e9dit au Maroc d\u00e9di\u00e9 \u00e0 l\u2019innovation technologique et \u00e0 l\u2019\u00e9quipement de la maison. Organis\u00e9 \u00e0 Casablanca sur une surface de 4.000 m2, ce Salon d\u2019envergure ambitionne de devenir un rendez-vous annuel incontournable pour les professionnels et les passionn\u00e9s de technologie.<\/p>\n\n\n\n<p>Con\u00e7u comme une v\u00e9ritable exp\u00e9rience immersive, le Salon a \u00e9t\u00e9 pens\u00e9 pour offrir aux visiteurs une plong\u00e9e au c\u0153ur des univers couverts par IDEA+. Quatre espaces th\u00e9matiques ont \u00e9t\u00e9 am\u00e9nag\u00e9s pour structurer la visite et mettre en valeur les p\u00f4les d\u2019expertise de l\u2019enseigne&nbsp;:<\/p>\n\n\n\n<p>&#8211; IDEA Home&nbsp;: d\u00e9di\u00e9 \u00e0 la maison connect\u00e9e, il pr\u00e9sente les derni\u00e8res innovations en domotique, \u00e9clairage intelligent et bien-\u00eatre domestique.<\/p>\n\n\n\n<p>&#8211; IDEA Multim\u00e9dia&nbsp;: vitrine des nouvelles technologies audio-visuelles, avec \u00e9crans intelligents, syst\u00e8mes son immersifs et objets connect\u00e9s.<\/p>\n\n\n\n<p>&#8211; IDEA Kitchen&nbsp;: un espace centr\u00e9 sur la cuisine moderne, mettant en avant des \u00e9quipements \u00e9lectrom\u00e9nagers performants et design.<\/p>\n\n\n\n<p>&#8211; IDEA Outdoor&nbsp;: zone ext\u00e9rieure consacr\u00e9e aux loisirs, \u00e0 la s\u00e9curit\u00e9 et au confort en plein air.<\/p>\n\n\n\n<p>\u00abLe Salon \u00abIDEA Show\u00bb est bien plus qu\u2019un Salon. C\u2019est l\u2019aboutissement de notre vision : cr\u00e9er un espace de convergence entre innovation, marques d\u2019excellence et exp\u00e9rience client\u00bb, d\u00e9clare Mehdi Taha, Directeur G\u00e9n\u00e9ral de IDEA+, ajoutant que \u00abCette premi\u00e8re \u00e9dition pose les bases d\u2019un rendez-vous incontournable pour tous les acteurs du march\u00e9. Nous sommes fiers de contribuer activement \u00e0 la transformation des usages et des modes de vie des Marocains\u00bb.<\/p>\n\n\n\n<p>En plus des d\u00e9monstrations de produits et des installations interactives, \u00abThe Idea Show\u00bb accueille plusieurs conf\u00e9rences ax\u00e9es sur les tendances du smart living et l\u2019avenir de la maison connect\u00e9e. L\u2019\u00e9v\u00e9nement a \u00e9galement \u00e9t\u00e9 marqu\u00e9 par le lancement de nouvelles marques sur le march\u00e9 marocain, telles que KitchenAid, Polaroid et Sonos Pro, d\u00e9sormais distribu\u00e9es en exclusivit\u00e9 par IDEA+.<\/p>\n\n\n\n<p>\u00c0 travers cette initiative, IDEA+ confirme sa volont\u00e9 de rapprocher clients, distributeurs et partenaires dans une dynamique collaborative, tout en consolidant son r\u00f4le de moteur de l\u2019innovation au service du quotidien des marocains.<\/p>\n\n\n\n<p><strong>L. F.<\/strong><\/p>\n\n\n\n<p><\/p>\n","protected":false},"excerpt":{"rendered":"<p>Le leader marocain de la distribution de marques internationales, IDEA+, a donn\u00e9 hier le coup d\u2019envoi de la premi\u00e8re \u00e9dition de son salon \u00abThe Idea Show\u00bb, un \u00e9v\u00e9nement in\u00e9dit au Maroc d\u00e9di\u00e9 \u00e0 l\u2019innovation technologique et \u00e0 l\u2019\u00e9quipement de la maison. Organis\u00e9 \u00e0 Casablanca sur une surface de 4.000 m2, ce Salon d\u2019envergure ambitionne de &hellip;<\/p>\n","protected":false},"author":9,"featured_media":35927,"comment_status":"open","ping_status":"closed","sticky":false,"template":"","format":"standard","meta":{"footnotes":""},"categories":[268],"tags":[],"class_list":["post-35936","post","type-post","status-publish","format-standard","has-post-thumbnail","hentry","category-commerce"],"_links":{"self":[{"href":"https:\/\/letempsmag.ma\/index.php?rest_route=\/wp\/v2\/posts\/35936","targetHints":{"allow":["GET"]}}],"collection":[{"href":"https:\/\/letempsmag.ma\/index.php?rest_route=\/wp\/v2\/posts"}],"about":[{"href":"https:\/\/letempsmag.ma\/index.php?rest_route=\/wp\/v2\/types\/post"}],"author":[{"embeddable":true,"href":"https:\/\/letempsmag.ma\/index.php?rest_route=\/wp\/v2\/users\/9"}],"replies":[{"embeddable":true,"href":"https:\/\/letempsmag.ma\/index.php?rest_route=%2Fwp%2Fv2%2Fcomments&post=35936"}],"version-history":[{"count":1,"href":"https:\/\/letempsmag.ma\/index.php?rest_route=\/wp\/v2\/posts\/35936\/revisions"}],"predecessor-version":[{"id":35937,"href":"https:\/\/letempsmag.ma\/index.php?rest_route=\/wp\/v2\/posts\/35936\/revisions\/35937"}],"wp:featuredmedia":[{"embeddable":true,"href":"https:\/\/letempsmag.ma\/index.php?rest_route=\/wp\/v2\/media\/35927"}],"wp:attachment":[{"href":"https:\/\/letempsmag.ma\/index.php?rest_route=%2Fwp%2Fv2%2Fmedia&parent=35936"}],"wp:term":[{"taxonomy":"category","embeddable":true,"href":"https:\/\/letempsmag.ma\/index.php?rest_route=%2Fwp%2Fv2%2Fcategories&post=35936"},{"taxonomy":"post_tag","embeddable":true,"href":"https:\/\/letempsmag.ma\/index.php?rest_route=%2Fwp%2Fv2%2Ftags&post=35936"}],"curies":[{"name":"wp","href":"https:\/\/api.w.org\/{rel}","templated":true}]}}