{"id":35915,"date":"2025-05-29T10:21:23","date_gmt":"2025-05-29T09:21:23","guid":{"rendered":"https:\/\/letempsmag.ma\/?p=35915"},"modified":"2025-05-29T10:21:23","modified_gmt":"2025-05-29T09:21:23","slug":"adieu-naima-bouhmala","status":"publish","type":"post","link":"https:\/\/letempsmag.ma\/?p=35915","title":{"rendered":"Adieu Na\u00efma Bouhmala\u00a0!"},"content":{"rendered":"\n<p>La com\u00e9dienne Na\u00efma Bouhmala, figure embl\u00e9matique de la t\u00e9l\u00e9vision et du th\u00e9\u00e2tre au Maroc, est d\u00e9c\u00e9d\u00e9e hier \u00e0 l&#8217;\u00e2ge de 77 ans, des suites d\u2019un malaise.<\/p>\n\n\n\n<p>N\u00e9e en 1948 \u00e0 Casablanca, la d\u00e9funte a marqu\u00e9 la sc\u00e8ne artistique et culturelle nationale avec son sens de l\u2019interpr\u00e9tation et son charisme autant sur les planches que devant la cam\u00e9ra.<\/p>\n\n\n\n<p>Sa disparition a plong\u00e9 dans la tristesse des milliers de fans et la communaut\u00e9 artistique \u00e0 travers le Maroc.<\/p>\n\n\n\n<p>\u00c0 Dieux nous sommes et \u00e0 Lui nous retournons.<\/p>\n","protected":false},"excerpt":{"rendered":"<p>La com\u00e9dienne Na\u00efma Bouhmala, figure embl\u00e9matique de la t\u00e9l\u00e9vision et du th\u00e9\u00e2tre au Maroc, est d\u00e9c\u00e9d\u00e9e hier \u00e0 l&#8217;\u00e2ge de 77 ans, des suites d\u2019un malaise. N\u00e9e en 1948 \u00e0 Casablanca, la d\u00e9funte a marqu\u00e9 la sc\u00e8ne artistique et culturelle nationale avec son sens de l\u2019interpr\u00e9tation et son charisme autant sur les planches que devant &hellip;<\/p>\n","protected":false},"author":9,"featured_media":35903,"comment_status":"open","ping_status":"closed","sticky":false,"template":"","format":"standard","meta":{"footnotes":""},"categories":[75],"tags":[],"class_list":["post-35915","post","type-post","status-publish","format-standard","has-post-thumbnail","hentry","category-necrologie"],"_links":{"self":[{"href":"https:\/\/letempsmag.ma\/index.php?rest_route=\/wp\/v2\/posts\/35915","targetHints":{"allow":["GET"]}}],"collection":[{"href":"https:\/\/letempsmag.ma\/index.php?rest_route=\/wp\/v2\/posts"}],"about":[{"href":"https:\/\/letempsmag.ma\/index.php?rest_route=\/wp\/v2\/types\/post"}],"author":[{"embeddable":true,"href":"https:\/\/letempsmag.ma\/index.php?rest_route=\/wp\/v2\/users\/9"}],"replies":[{"embeddable":true,"href":"https:\/\/letempsmag.ma\/index.php?rest_route=%2Fwp%2Fv2%2Fcomments&post=35915"}],"version-history":[{"count":1,"href":"https:\/\/letempsmag.ma\/index.php?rest_route=\/wp\/v2\/posts\/35915\/revisions"}],"predecessor-version":[{"id":35916,"href":"https:\/\/letempsmag.ma\/index.php?rest_route=\/wp\/v2\/posts\/35915\/revisions\/35916"}],"wp:featuredmedia":[{"embeddable":true,"href":"https:\/\/letempsmag.ma\/index.php?rest_route=\/wp\/v2\/media\/35903"}],"wp:attachment":[{"href":"https:\/\/letempsmag.ma\/index.php?rest_route=%2Fwp%2Fv2%2Fmedia&parent=35915"}],"wp:term":[{"taxonomy":"category","embeddable":true,"href":"https:\/\/letempsmag.ma\/index.php?rest_route=%2Fwp%2Fv2%2Fcategories&post=35915"},{"taxonomy":"post_tag","embeddable":true,"href":"https:\/\/letempsmag.ma\/index.php?rest_route=%2Fwp%2Fv2%2Ftags&post=35915"}],"curies":[{"name":"wp","href":"https:\/\/api.w.org\/{rel}","templated":true}]}}