{"id":35897,"date":"2025-05-28T11:54:22","date_gmt":"2025-05-28T10:54:22","guid":{"rendered":"https:\/\/letempsmag.ma\/?p=35897"},"modified":"2025-05-28T11:54:22","modified_gmt":"2025-05-28T10:54:22","slug":"une-ouvriere-du-port-danvers-arretee-au-maroc-pour-trafic-de-cocaine","status":"publish","type":"post","link":"https:\/\/letempsmag.ma\/?p=35897","title":{"rendered":"Une ouvri\u00e8re du port d\u2019Anvers arr\u00eat\u00e9e au Maroc pour trafic de coca\u00efne"},"content":{"rendered":"\n<p>La Police marocaine a arr\u00eat\u00e9, la semaine derni\u00e8re, une femme ouvri\u00e8re au port d\u2019Anvers (Belgique), pour son implication pr\u00e9sum\u00e9e dans une tentative de trafic de coca\u00efne. L\u2019arrestation a eu lieu \u00e0 F\u00e8s, suite \u00e0 un mandat d\u2019arr\u00eat international \u00e9mis par un juge d\u2019instruction belge.<\/p>\n\n\n\n<p>L\u2019Anversoise, \u00e2g\u00e9e de 25 ans, a \u00e9t\u00e9 arr\u00eat\u00e9e dans le cadre d\u2019une enqu\u00eate men\u00e9e par les forces de s\u00e9curit\u00e9. La femme, qui travaillait comme planificatrice dans un terminal \u00e0 conteneurs au port d\u2019Anvers, est soup\u00e7onn\u00e9e d\u2019\u00eatre impliqu\u00e9e dans une tentative de contrebande de 2,3 tonnes de coca\u00efne via le port o\u00f9 elle travaille.<\/p>\n\n\n\n<p>En Belgique, la Police f\u00e9d\u00e9rale m\u00e8ne une enqu\u00eate sur cette cargaison intercept\u00e9e au port anverois. La liste des suspects compte jusqu\u2019ici quatre personnes.<\/p>\n","protected":false},"excerpt":{"rendered":"<p>La Police marocaine a arr\u00eat\u00e9, la semaine derni\u00e8re, une femme ouvri\u00e8re au port d\u2019Anvers (Belgique), pour son implication pr\u00e9sum\u00e9e dans une tentative de trafic de coca\u00efne. L\u2019arrestation a eu lieu \u00e0 F\u00e8s, suite \u00e0 un mandat d\u2019arr\u00eat international \u00e9mis par un juge d\u2019instruction belge. L\u2019Anversoise, \u00e2g\u00e9e de 25 ans, a \u00e9t\u00e9 arr\u00eat\u00e9e dans le cadre &hellip;<\/p>\n","protected":false},"author":9,"featured_media":35884,"comment_status":"open","ping_status":"closed","sticky":false,"template":"","format":"standard","meta":{"footnotes":""},"categories":[183],"tags":[],"class_list":["post-35897","post","type-post","status-publish","format-standard","has-post-thumbnail","hentry","category-criminalite-2"],"_links":{"self":[{"href":"https:\/\/letempsmag.ma\/index.php?rest_route=\/wp\/v2\/posts\/35897","targetHints":{"allow":["GET"]}}],"collection":[{"href":"https:\/\/letempsmag.ma\/index.php?rest_route=\/wp\/v2\/posts"}],"about":[{"href":"https:\/\/letempsmag.ma\/index.php?rest_route=\/wp\/v2\/types\/post"}],"author":[{"embeddable":true,"href":"https:\/\/letempsmag.ma\/index.php?rest_route=\/wp\/v2\/users\/9"}],"replies":[{"embeddable":true,"href":"https:\/\/letempsmag.ma\/index.php?rest_route=%2Fwp%2Fv2%2Fcomments&post=35897"}],"version-history":[{"count":1,"href":"https:\/\/letempsmag.ma\/index.php?rest_route=\/wp\/v2\/posts\/35897\/revisions"}],"predecessor-version":[{"id":35898,"href":"https:\/\/letempsmag.ma\/index.php?rest_route=\/wp\/v2\/posts\/35897\/revisions\/35898"}],"wp:featuredmedia":[{"embeddable":true,"href":"https:\/\/letempsmag.ma\/index.php?rest_route=\/wp\/v2\/media\/35884"}],"wp:attachment":[{"href":"https:\/\/letempsmag.ma\/index.php?rest_route=%2Fwp%2Fv2%2Fmedia&parent=35897"}],"wp:term":[{"taxonomy":"category","embeddable":true,"href":"https:\/\/letempsmag.ma\/index.php?rest_route=%2Fwp%2Fv2%2Fcategories&post=35897"},{"taxonomy":"post_tag","embeddable":true,"href":"https:\/\/letempsmag.ma\/index.php?rest_route=%2Fwp%2Fv2%2Ftags&post=35897"}],"curies":[{"name":"wp","href":"https:\/\/api.w.org\/{rel}","templated":true}]}}