{"id":35680,"date":"2025-05-18T11:06:02","date_gmt":"2025-05-18T10:06:02","guid":{"rendered":"https:\/\/letempsmag.ma\/?p=35680"},"modified":"2025-05-18T11:06:02","modified_gmt":"2025-05-18T10:06:02","slug":"ficam-2025-lanimation-et-le-jeu-video-au-coeur-dune-vibrante-edition","status":"publish","type":"post","link":"https:\/\/letempsmag.ma\/?p=35680","title":{"rendered":"FICAM 2025 : l&#8217;animation et le jeu vid\u00e9o au c\u0153ur d\u2019une vibrante \u00e9dition"},"content":{"rendered":"\n<p>Le Festival International de Cin\u00e9ma d\u2019Animation de Mekn\u00e8s (FICAM) a officiellement lanc\u00e9, vendredi dernier, sa 23\u00e8me \u00e9dition, sous le Haut Patronage de S.M. le Roi Mohammed VI.<\/p>\n\n\n\n<p>Organis\u00e9 par la Fondation A\u00efcha en partenariat avec l\u2019Institut Fran\u00e7ais du Maroc, l\u2019\u00e9v\u00e9nement confirme son statut de rendez-vous incontournable de la cr\u00e9ation anim\u00e9e, en mettant cette ann\u00e9e \u00e0 l\u2019honneur la convergence entre animation et jeu vid\u00e9o, avec l\u2019Afrique comme fil conducteur.<\/p>\n\n\n\n<p>La c\u00e9r\u00e9monie d\u2019ouverture a plong\u00e9 les festivaliers dans un univers sensoriel fort, gr\u00e2ce au retour espi\u00e8gle de la marionnette 3D Bidul\u2019 dans &#8220;E.Motion&#8221;.<\/p>\n\n\n\n<p>Une performance immersive m\u00ealant technologie et narration. Un pr\u00e9ambule saisissant pour une \u00e9dition tourn\u00e9e vers l\u2019innovation visuelle et les nouvelles formes de r\u00e9cit.<\/p>\n\n\n\n<p>Les discours de M\u2019hammed Messaoud, Vice-Pr\u00e9sident de la Fondation A\u00efcha, et d\u2019Agn\u00e8s Humrazian, Directrice des Instituts Fran\u00e7ais du Maroc, ont rappel\u00e9 l\u2019importance du festival comme espace de dialogue interculturel, de transmission et d\u2019\u00e9mergence artistique.<\/p>\n\n\n\n<p>Le ton de cette \u00e9dition a \u00e9t\u00e9 donn\u00e9 par C\u00e9dric Babouche, r\u00e9alisateur et Directeur Artistique, lors d\u2019une conf\u00e9rence inaugurale d\u00e9di\u00e9e au transm\u00e9dia. En s\u2019appuyant sur des \u0153uvres comme &#8220;Arcane&#8221;, &#8220;Fallout&#8221; ou encore &#8220;Dordogne&#8221;, il a explor\u00e9 la mani\u00e8re dont les univers narratifs peuvent se d\u00e9ployer \u00e0 travers diff\u00e9rents supports (jeu vid\u00e9o, animation, bande dessin\u00e9e&#8230;) tout en conservant leur coh\u00e9rence et leur force \u00e9vocatrice. Une intervention salu\u00e9e pour sa capacit\u00e9 \u00e0 \u00e9clairer les mutations du r\u00e9cit \u00e0 l\u2019\u00e8re num\u00e9rique.<\/p>\n\n\n\n<p>Le FICAM 2025 c\u00e9l\u00e8bre \u00e9galement la richesse du cin\u00e9ma d\u2019animation africain \u00e0 travers trois hommages majeurs. Feue Zainab Zamzam, pionni\u00e8re \u00e9gyptienne, Jean-Michel Kibushi Ndjate Wooto, figure tut\u00e9laire en R\u00e9publique D\u00e9mocratique du Congo, et Zouhaier Mahjoub, l\u00e9gende tunisienne de l\u2019animation maghr\u00e9bine, sont \u00e0 l\u2019honneur, cette ann\u00e9e. Le retour de ce dernier \u00e0 Mekn\u00e8s, 18 ans apr\u00e8s sa premi\u00e8re participation, symbolise le passage de relais \u00e0 une nouvelle g\u00e9n\u00e9ration d\u2019artistes africains.<\/p>\n\n\n\n<p>Le Grand Prix A\u00efcha de l\u2019Animation 2025 a \u00e9t\u00e9 d\u00e9cern\u00e9 \u00e0 Anas Belgazzar pour son court-m\u00e9trage &#8220;Maison sans toit&#8221;. Le prix, remis par Widad Chraibi, Directrice du festival, est assorti d\u2019une dotation de 50 000 DH, d\u2019une bourse de l\u2019Ambassade de France et d\u2019une R\u00e9sidence Artistique \u00e0 l\u2019Abbaye de Fontevraud, en France. Un tremplin prestigieux pour un jeune talent tr\u00e8s prometteur.<\/p>\n\n\n\n<p>Le FICAM poursuit, par ailleurs, sa mission p\u00e9dagogique avec la quatri\u00e8me \u00e9dition du Forum des M\u00e9tiers du Film d\u2019Animation, r\u00e9unissant professionnels marocains, africains et europ\u00e9ens autour de l\u2019avenir du secteur. Plus de 100 \u00e9tudiants issus d\u2019\u00e9coles publiques marocaines participent aux ateliers encadr\u00e9s par des experts internationaux, tandis que le programme \u00e9ducatif Trop classe le cin\u00e9 ! initie les plus jeunes \u00e0 la magie de l\u2019image anim\u00e9e.<\/p>\n\n\n\n<p>Le festival ne se limite pas \u00e0 Mekn\u00e8s. Il entame une tourn\u00e9e nationale dans 11 villes du Royaume, dont Casablanca, Tanger, Marrakech et Agadir. Une itin\u00e9rance culturelle qui permet de diffuser l\u2019animation dans toutes ses formes au plus pr\u00e8s des publics, et d\u2019ancrer le festival comme un acteur-cl\u00e9 du d\u00e9veloppement des industries cr\u00e9atives au Maroc.<\/p>\n\n\n\n<p>L.F.<\/p>\n","protected":false},"excerpt":{"rendered":"<p>Le Festival International de Cin\u00e9ma d\u2019Animation de Mekn\u00e8s (FICAM) a officiellement lanc\u00e9, vendredi dernier, sa 23\u00e8me \u00e9dition, sous le Haut Patronage de S.M. le Roi Mohammed VI. Organis\u00e9 par la Fondation A\u00efcha en partenariat avec l\u2019Institut Fran\u00e7ais du Maroc, l\u2019\u00e9v\u00e9nement confirme son statut de rendez-vous incontournable de la cr\u00e9ation anim\u00e9e, en mettant cette ann\u00e9e \u00e0 &hellip;<\/p>\n","protected":false},"author":9,"featured_media":35681,"comment_status":"open","ping_status":"closed","sticky":false,"template":"","format":"standard","meta":{"footnotes":""},"categories":[889],"tags":[],"class_list":["post-35680","post","type-post","status-publish","format-standard","has-post-thumbnail","hentry","category-festival"],"_links":{"self":[{"href":"https:\/\/letempsmag.ma\/index.php?rest_route=\/wp\/v2\/posts\/35680","targetHints":{"allow":["GET"]}}],"collection":[{"href":"https:\/\/letempsmag.ma\/index.php?rest_route=\/wp\/v2\/posts"}],"about":[{"href":"https:\/\/letempsmag.ma\/index.php?rest_route=\/wp\/v2\/types\/post"}],"author":[{"embeddable":true,"href":"https:\/\/letempsmag.ma\/index.php?rest_route=\/wp\/v2\/users\/9"}],"replies":[{"embeddable":true,"href":"https:\/\/letempsmag.ma\/index.php?rest_route=%2Fwp%2Fv2%2Fcomments&post=35680"}],"version-history":[{"count":1,"href":"https:\/\/letempsmag.ma\/index.php?rest_route=\/wp\/v2\/posts\/35680\/revisions"}],"predecessor-version":[{"id":35682,"href":"https:\/\/letempsmag.ma\/index.php?rest_route=\/wp\/v2\/posts\/35680\/revisions\/35682"}],"wp:featuredmedia":[{"embeddable":true,"href":"https:\/\/letempsmag.ma\/index.php?rest_route=\/wp\/v2\/media\/35681"}],"wp:attachment":[{"href":"https:\/\/letempsmag.ma\/index.php?rest_route=%2Fwp%2Fv2%2Fmedia&parent=35680"}],"wp:term":[{"taxonomy":"category","embeddable":true,"href":"https:\/\/letempsmag.ma\/index.php?rest_route=%2Fwp%2Fv2%2Fcategories&post=35680"},{"taxonomy":"post_tag","embeddable":true,"href":"https:\/\/letempsmag.ma\/index.php?rest_route=%2Fwp%2Fv2%2Ftags&post=35680"}],"curies":[{"name":"wp","href":"https:\/\/api.w.org\/{rel}","templated":true}]}}