{"id":35466,"date":"2025-05-08T11:16:39","date_gmt":"2025-05-08T10:16:39","guid":{"rendered":"https:\/\/letempsmag.ma\/?p=35466"},"modified":"2025-05-08T11:16:39","modified_gmt":"2025-05-08T10:16:39","slug":"confiance-numerique-barid-al-maghrib-et-lordre-des-architectes-sengagent","status":"publish","type":"post","link":"https:\/\/letempsmag.ma\/?p=35466","title":{"rendered":"Confiance num\u00e9rique\u00a0: Barid Al Maghrib et l\u2019Ordre des Architectes s\u2019engagent"},"content":{"rendered":"\n<p>Le groupe Barid Al-Maghrib et le Conseil National de l\u2019Ordre des Architectes (CNOA) ont proc\u00e9d\u00e9, lundi dernier, , \u00e0 la signature d\u2019une convention-cadre de partenariat, lors d\u2019une c\u00e9r\u00e9monie organis\u00e9e au Mus\u00e9e Barid Al-Maghrib \u00e0 Rabat.<\/p>\n\n\n\n<p>Sign\u00e9e par Amin Benjelloun Touimi, Directeur G\u00e9n\u00e9ral du groupe Barid Al-Maghrib, et Chakib Benabdellah, Pr\u00e9sident du CNOA, cette convention \u00e9tablit un cadre g\u00e9n\u00e9ral de coop\u00e9ration en mati\u00e8re de confiance num\u00e9rique, en vue de faciliter l\u2019acc\u00e8s des architectes aux services en ligne propos\u00e9s par les plateformes digitales nationales.<\/p>\n\n\n\n<p>La digitalisation repr\u00e9sente aujourd\u2019hui un levier strat\u00e9gique pour la modernisation de la profession d\u2019architecte. \u00c0 travers ce partenariat, le CNOA et Barid Al-Maghrib s\u2019engagent \u00e0 accompagner les architectes dans leur transition num\u00e9rique, en les aidant \u00e0 se conformer aux exigences r\u00e9glementaires en mati\u00e8re de confiance num\u00e9rique, tout en leur assurant efficacit\u00e9 op\u00e9rationnelle, qualit\u00e9 de service et valeur probante de leurs actes digitalis\u00e9s.<\/p>\n\n\n\n<p>Cette convention traduit la volont\u00e9 partag\u00e9e des deux institutions de contribuer activement \u00e0 la digitalisation et \u00e0 la modernisation de la profession d\u2019architecte, dans un esprit de coop\u00e9ration, d\u2019innovation et de promotion de l\u2019\u00e9conomie num\u00e9rique nationale.<\/p>\n","protected":false},"excerpt":{"rendered":"<p>Le groupe Barid Al-Maghrib et le Conseil National de l\u2019Ordre des Architectes (CNOA) ont proc\u00e9d\u00e9, lundi dernier, , \u00e0 la signature d\u2019une convention-cadre de partenariat, lors d\u2019une c\u00e9r\u00e9monie organis\u00e9e au Mus\u00e9e Barid Al-Maghrib \u00e0 Rabat. Sign\u00e9e par Amin Benjelloun Touimi, Directeur G\u00e9n\u00e9ral du groupe Barid Al-Maghrib, et Chakib Benabdellah, Pr\u00e9sident du CNOA, cette convention \u00e9tablit &hellip;<\/p>\n","protected":false},"author":9,"featured_media":35445,"comment_status":"open","ping_status":"closed","sticky":false,"template":"","format":"standard","meta":{"footnotes":""},"categories":[322],"tags":[],"class_list":["post-35466","post","type-post","status-publish","format-standard","has-post-thumbnail","hentry","category-partenariat"],"_links":{"self":[{"href":"https:\/\/letempsmag.ma\/index.php?rest_route=\/wp\/v2\/posts\/35466","targetHints":{"allow":["GET"]}}],"collection":[{"href":"https:\/\/letempsmag.ma\/index.php?rest_route=\/wp\/v2\/posts"}],"about":[{"href":"https:\/\/letempsmag.ma\/index.php?rest_route=\/wp\/v2\/types\/post"}],"author":[{"embeddable":true,"href":"https:\/\/letempsmag.ma\/index.php?rest_route=\/wp\/v2\/users\/9"}],"replies":[{"embeddable":true,"href":"https:\/\/letempsmag.ma\/index.php?rest_route=%2Fwp%2Fv2%2Fcomments&post=35466"}],"version-history":[{"count":1,"href":"https:\/\/letempsmag.ma\/index.php?rest_route=\/wp\/v2\/posts\/35466\/revisions"}],"predecessor-version":[{"id":35467,"href":"https:\/\/letempsmag.ma\/index.php?rest_route=\/wp\/v2\/posts\/35466\/revisions\/35467"}],"wp:featuredmedia":[{"embeddable":true,"href":"https:\/\/letempsmag.ma\/index.php?rest_route=\/wp\/v2\/media\/35445"}],"wp:attachment":[{"href":"https:\/\/letempsmag.ma\/index.php?rest_route=%2Fwp%2Fv2%2Fmedia&parent=35466"}],"wp:term":[{"taxonomy":"category","embeddable":true,"href":"https:\/\/letempsmag.ma\/index.php?rest_route=%2Fwp%2Fv2%2Fcategories&post=35466"},{"taxonomy":"post_tag","embeddable":true,"href":"https:\/\/letempsmag.ma\/index.php?rest_route=%2Fwp%2Fv2%2Ftags&post=35466"}],"curies":[{"name":"wp","href":"https:\/\/api.w.org\/{rel}","templated":true}]}}