{"id":35441,"date":"2025-05-07T14:00:12","date_gmt":"2025-05-07T13:00:12","guid":{"rendered":"https:\/\/letempsmag.ma\/?p=35441"},"modified":"2025-05-07T14:00:12","modified_gmt":"2025-05-07T13:00:12","slug":"les-morocco-capital-markets-days-demarrent-aujourdhui-a-londres","status":"publish","type":"post","link":"https:\/\/letempsmag.ma\/?p=35441","title":{"rendered":"Les \u00abMorocco Capital Markets Days\u00bb d\u00e9marrent aujourd\u2019hui \u00e0 Londres"},"content":{"rendered":"\n<p>La 8<sup>\u00e8me<\/sup> \u00e9dition des \u00abMorocco Capital Markets Days\u00bb se tient \u00e0 Londres du 7 au 9 mai courant. L\u2019\u00e9v\u00e9nement a lieu avec la participation d\u2019une trentaine de dirigeants d\u2019entreprises cot\u00e9es \u00e0 la Bourse, des op\u00e9rateurs du march\u00e9 des capitaux marocain ainsi que des personnalit\u00e9s marocaines et britanniques influentes. C\u2019est ce qu\u2019a annonc\u00e9, lundi dernier, la Bourse des Valeurs de Casablanca.<\/p>\n\n\n\n<p>Organis\u00e9e avec le soutien de l\u2019ambassade du Maroc au Royaume-Uni, cette \u00e9dition 2025 pr\u00e9voit un programme particuli\u00e8rement riche, notamment avec une conf\u00e9rence pl\u00e9ni\u00e8re d\u00e9di\u00e9e aux atouts \u00e9conomiques et aux perspectives de d\u00e9veloppement du Maroc, ainsi que des meetings en mode one-to-one, pr\u00e9voyant plus de 160 r\u00e9unions entre entreprises marocaines cot\u00e9es et investisseurs internationaux.<\/p>\n\n\n\n<p>Avec 8 side events organis\u00e9s, 34 entreprises cot\u00e9es en Bourse et plus d\u2019une vingtaine d\u2019investisseurs mobilis\u00e9s, cette 8<sup>\u00e8me<\/sup> \u00e9dition du \u00abMorocco Capital Markets Days\u00bb \u00e9tablit de nouveaux records et confirme l\u2019attractivit\u00e9 du march\u00e9 marocain, tant aupr\u00e8s de la place financi\u00e8re londonienne que des professionnels et \u00e9tudiants marocains install\u00e9s au Royaume-Uni.<\/p>\n\n\n\n<p>Il s\u2019agit l\u00e0 d\u2019un timing id\u00e9al puisque cette \u00e9dition 2025 s\u2019inscrit dans le cadre des \u00abMorocco Business Weeks\u00bb, organis\u00e9es \u00e0 Londres depuis le 28 avril dernier avec pour ambition de mettre en lumi\u00e8re le potentiel \u00e9conomique du Maroc et de renforcer les liens de coop\u00e9ration avec le Royaume-Uni.<\/p>\n","protected":false},"excerpt":{"rendered":"<p>La 8\u00e8me \u00e9dition des \u00abMorocco Capital Markets Days\u00bb se tient \u00e0 Londres du 7 au 9 mai courant. L\u2019\u00e9v\u00e9nement a lieu avec la participation d\u2019une trentaine de dirigeants d\u2019entreprises cot\u00e9es \u00e0 la Bourse, des op\u00e9rateurs du march\u00e9 des capitaux marocain ainsi que des personnalit\u00e9s marocaines et britanniques influentes. C\u2019est ce qu\u2019a annonc\u00e9, lundi dernier, la &hellip;<\/p>\n","protected":false},"author":9,"featured_media":35420,"comment_status":"open","ping_status":"closed","sticky":false,"template":"","format":"standard","meta":{"footnotes":""},"categories":[35],"tags":[],"class_list":["post-35441","post","type-post","status-publish","format-standard","has-post-thumbnail","hentry","category-finance"],"_links":{"self":[{"href":"https:\/\/letempsmag.ma\/index.php?rest_route=\/wp\/v2\/posts\/35441","targetHints":{"allow":["GET"]}}],"collection":[{"href":"https:\/\/letempsmag.ma\/index.php?rest_route=\/wp\/v2\/posts"}],"about":[{"href":"https:\/\/letempsmag.ma\/index.php?rest_route=\/wp\/v2\/types\/post"}],"author":[{"embeddable":true,"href":"https:\/\/letempsmag.ma\/index.php?rest_route=\/wp\/v2\/users\/9"}],"replies":[{"embeddable":true,"href":"https:\/\/letempsmag.ma\/index.php?rest_route=%2Fwp%2Fv2%2Fcomments&post=35441"}],"version-history":[{"count":1,"href":"https:\/\/letempsmag.ma\/index.php?rest_route=\/wp\/v2\/posts\/35441\/revisions"}],"predecessor-version":[{"id":35442,"href":"https:\/\/letempsmag.ma\/index.php?rest_route=\/wp\/v2\/posts\/35441\/revisions\/35442"}],"wp:featuredmedia":[{"embeddable":true,"href":"https:\/\/letempsmag.ma\/index.php?rest_route=\/wp\/v2\/media\/35420"}],"wp:attachment":[{"href":"https:\/\/letempsmag.ma\/index.php?rest_route=%2Fwp%2Fv2%2Fmedia&parent=35441"}],"wp:term":[{"taxonomy":"category","embeddable":true,"href":"https:\/\/letempsmag.ma\/index.php?rest_route=%2Fwp%2Fv2%2Fcategories&post=35441"},{"taxonomy":"post_tag","embeddable":true,"href":"https:\/\/letempsmag.ma\/index.php?rest_route=%2Fwp%2Fv2%2Ftags&post=35441"}],"curies":[{"name":"wp","href":"https:\/\/api.w.org\/{rel}","templated":true}]}}