{"id":35437,"date":"2025-05-07T13:58:39","date_gmt":"2025-05-07T12:58:39","guid":{"rendered":"https:\/\/letempsmag.ma\/?p=35437"},"modified":"2025-05-07T13:58:39","modified_gmt":"2025-05-07T12:58:39","slug":"quand-lamya-donne-corps-a-ses-reves-a-bord-dun-boeing-787-dreamliner","status":"publish","type":"post","link":"https:\/\/letempsmag.ma\/?p=35437","title":{"rendered":"Quand Lamya donne corps \u00e0 ses r\u00eaves \u00e0 bord d\u2019un Boeing 787 Dreamliner"},"content":{"rendered":"\n<p>La jeune Marocaine Lamya Ouakka r\u00eave depuis longtemps de s\u2019\u00e9lancer dans le ciel en tant que pilote. L\u2019aspiration de cette jeune fille de 15 ans, originaire du village de Tamzazerte \u00e0 Imilchil, a pris un tournant d\u00e9cisif lorsqu\u2019elle a r\u00e9cemment embarqu\u00e9 \u00e0 bord d\u2019un Boeing 787 Dreamliner pour son tout premier vol. Voyageant de Casablanca jusqu\u2019\u00e0 Istanbul, le c\u0153ur de Lamya a d\u00e9bord\u00e9 d\u2019excitation alors qu\u2019elle entamait ce voyage qui allait changer sa vie.<\/p>\n\n\n\n<p>Depuis l\u2019\u00e2ge de 7 ans, lorsqu\u2019elle a aper\u00e7u pour la premi\u00e8re fois un avion survoler son village dans les montagnes de l\u2019Atlas, la jeune fille s\u2019est imagin\u00e9 un avenir rempli d\u2019aventures et d\u2019explorations&nbsp;! Boeing et Royal Air Maroc ont d\u00e9cid\u00e9 de transformer son r\u00eave en r\u00e9alit\u00e9, lui permettant de vivre l\u2019\u00e9motion intense d\u2019un vrai vol.<\/p>\n\n\n\n<p>Lamya raconte avec excitation son exp\u00e9rience \u00e0 bord du 787 Dreamliner de Royal Air Maroc, notamment le moment tr\u00e8s inspirant o\u00f9 elle a rencontr\u00e9 les deux femmes pilotes. Dans une conversation \u00e0 c\u0153ur ouvert, elle a partag\u00e9 avec elles ses aspirations et a demand\u00e9 des conseils, s\u2019ouvrant ainsi des perspectives inestimables sur le monde de l\u2019aviation.<\/p>\n\n\n\n<p>Lamya fait partie des plus d\u2019un milliard de passagers ayant d\u00e9j\u00e0 \u00e0 bord d\u2019un 787 Dreamliner depuis sa mise en service en 2011. Fruit de d\u00e9cennies d\u2019innovation, cette famille d\u2019avions long-courriers transporte en moyenne 480.000 passagers chaque \u00e0 travers le monde, vers 85 pays. Depuis son entr\u00e9e en service, la famille 787, \u00e9conome en carburant, a permis aux compagnies a\u00e9riennes d\u2019ouvrir plus de 425 nouvelles routes a\u00e9riennes directes.<\/p>\n\n\n\n<p>\u00c0 bord du 787 de la RAM, Lamya a profit\u00e9 de la vue offerte par les hublots de l\u2019avion, les plus grands \u00e0 ce jour dans le domaine de l\u2019aviation civile, et a ressenti un \u00e9norme confort gr\u00e2ce \u00e0 un air plus humide, une cabine pressuris\u00e9e \u00e0 une altitude inf\u00e9rieure, un \u00e9clairage LED apaisant et une technologie qui d\u00e9tecte et compense les turbulences pour des vols tr\u00e8s confortables.<\/p>\n\n\n\n<p>L\u2019histoire de Lamya est pleine d\u2019enseignements. Son vol n\u2019\u00e9tait pas seulement un voyage, mais r\u00e9ellement une \u00e9tape-cl\u00e9 vers la r\u00e9alisation de ses r\u00eaves, un moment qui l\u2019inspirera \u00e0 jamais pour viser les cieux&nbsp;!<\/p>\n","protected":false},"excerpt":{"rendered":"<p>La jeune Marocaine Lamya Ouakka r\u00eave depuis longtemps de s\u2019\u00e9lancer dans le ciel en tant que pilote. L\u2019aspiration de cette jeune fille de 15 ans, originaire du village de Tamzazerte \u00e0 Imilchil, a pris un tournant d\u00e9cisif lorsqu\u2019elle a r\u00e9cemment embarqu\u00e9 \u00e0 bord d\u2019un Boeing 787 Dreamliner pour son tout premier vol. Voyageant de Casablanca &hellip;<\/p>\n","protected":false},"author":9,"featured_media":35416,"comment_status":"open","ping_status":"closed","sticky":false,"template":"","format":"standard","meta":{"footnotes":""},"categories":[53],"tags":[],"class_list":["post-35437","post","type-post","status-publish","format-standard","has-post-thumbnail","hentry","category-aerien"],"_links":{"self":[{"href":"https:\/\/letempsmag.ma\/index.php?rest_route=\/wp\/v2\/posts\/35437","targetHints":{"allow":["GET"]}}],"collection":[{"href":"https:\/\/letempsmag.ma\/index.php?rest_route=\/wp\/v2\/posts"}],"about":[{"href":"https:\/\/letempsmag.ma\/index.php?rest_route=\/wp\/v2\/types\/post"}],"author":[{"embeddable":true,"href":"https:\/\/letempsmag.ma\/index.php?rest_route=\/wp\/v2\/users\/9"}],"replies":[{"embeddable":true,"href":"https:\/\/letempsmag.ma\/index.php?rest_route=%2Fwp%2Fv2%2Fcomments&post=35437"}],"version-history":[{"count":1,"href":"https:\/\/letempsmag.ma\/index.php?rest_route=\/wp\/v2\/posts\/35437\/revisions"}],"predecessor-version":[{"id":35438,"href":"https:\/\/letempsmag.ma\/index.php?rest_route=\/wp\/v2\/posts\/35437\/revisions\/35438"}],"wp:featuredmedia":[{"embeddable":true,"href":"https:\/\/letempsmag.ma\/index.php?rest_route=\/wp\/v2\/media\/35416"}],"wp:attachment":[{"href":"https:\/\/letempsmag.ma\/index.php?rest_route=%2Fwp%2Fv2%2Fmedia&parent=35437"}],"wp:term":[{"taxonomy":"category","embeddable":true,"href":"https:\/\/letempsmag.ma\/index.php?rest_route=%2Fwp%2Fv2%2Fcategories&post=35437"},{"taxonomy":"post_tag","embeddable":true,"href":"https:\/\/letempsmag.ma\/index.php?rest_route=%2Fwp%2Fv2%2Ftags&post=35437"}],"curies":[{"name":"wp","href":"https:\/\/api.w.org\/{rel}","templated":true}]}}