{"id":35427,"date":"2025-05-07T13:54:46","date_gmt":"2025-05-07T12:54:46","guid":{"rendered":"https:\/\/letempsmag.ma\/?p=35427"},"modified":"2025-05-07T13:54:46","modified_gmt":"2025-05-07T12:54:46","slug":"le-festival-de-fes-des-musiques-sacrees-rend-hommage-a-florence","status":"publish","type":"post","link":"https:\/\/letempsmag.ma\/?p=35427","title":{"rendered":"Le Festival de F\u00e8s des Musiques Sacr\u00e9es rend hommage \u00e0 Florence"},"content":{"rendered":"\n<p>Apr\u00e8s une \u00e9dition 2024 m\u00e9morable sur la th\u00e9matique de \u00abLa Qu\u00eate de l\u2019Esprit d\u2019Al-Andalous\u00bb, le Festival de F\u00e8s des Musiques Sacr\u00e9es du Monde revient du 16 au 24 mai prochain pour une 28<sup>\u00e8me<\/sup> \u00e9dition inscrite sous le th\u00e8me des \u00abRenaissances\u00bb.<\/p>\n\n\n\n<p>Le th\u00e8me ne pourrait \u00eatre plus en phase avec le positionnement unique du Royaume du Maroc qui conforte, ann\u00e9e apr\u00e8s ann\u00e9e, son statut d\u2019espace de renouveau culturel, spirituel et artistique. Il traduit aussi l\u2019esprit du festival qui, 28 ans apr\u00e8s sa cr\u00e9ation, ne cesse de perp\u00e9tuer les valeurs de cohabitation et de tol\u00e9rance propres \u00e0 la ville de F\u00e8s, haut lieu de rayonnement culturel et civilisationnel.<\/p>\n\n\n\n<p>Durant les neuf jours du Festival, F\u00e8s accueillera plus de 200 artistes venus de 15 pays, notamment l\u2019Italie, la Turquie, la France, l\u2019Espagne, la Suisse, le Sultanat d\u2019Oman ainsi que plusieurs nations africaines, le S\u00e9n\u00e9gal, la C\u00f4te d\u2019Ivoire, le Ghana, le Burundi, le Togo\u2026<\/p>\n\n\n\n<p>Temps fort de ce rendez-vous culturel et spirituel d\u2019envergure mondial, la soir\u00e9e d\u2019ouverture de la 28<sup>\u00e8me<\/sup> \u00e9dition promet une cr\u00e9ation sc\u00e9nographique et musicale exceptionnelle. Elle transportera les festivaliers \u00e0 travers les si\u00e8cles dans une immersion in\u00e9dite au sein des diff\u00e9rentes cultures.<\/p>\n\n\n\n<p><strong><em>F\u00e8s, symbole de renaissance et de renouveau<\/em><\/strong><\/p>\n\n\n\n<p>\u00abLe choix de notre th\u00e9matique pour cette 28<sup>\u00e8me<\/sup> \u00e9dition s\u2019inscrit dans l\u2019esprit de F\u00e8s, une ville ouverte, carrefour des civilisations, qui ne cesse de se renouveler. Depuis sa fondation, F\u00e8s a jou\u00e9 un r\u00f4le pivot dans les mouvements de renouveau culturel et religieux, influen\u00e7ant de mani\u00e8re significative les \u00e9changes entre les civilisations m\u00e9diterran\u00e9ennes et africaines\u00bb, d\u00e9clare Abderrafih Zouitene, Pr\u00e9sident de la Fondation Esprit de F\u00e8s.<\/p>\n\n\n\n<p><strong><em>Hommage \u00e0 l\u2019Afrique<\/em><\/strong><\/p>\n\n\n\n<p>Le festival renforce par ailleurs sa dimension africaine. Cette \u00e9dition rendra hommage \u00e0 l\u2019Afrique dont la jeunesse est consciente de la n\u00e9cessit\u00e9 de c\u00e9l\u00e9brer ses traditions mill\u00e9naires, de les pr\u00e9server et d\u2019assurer la transmission de son h\u00e9ritage pour les g\u00e9n\u00e9rations futures, contribuant ainsi \u00e0 sa perp\u00e9tuelle renaissance culturelle. La pr\u00e9sence de nombreux artistes en provenance de plusieurs grands pays du continent renforce l\u2019ancrage du festival et du Maroc \u00e0 ses racines africaines et s\u2019inscrit en droite ligne avec les engagements du Royaume en faveur de la coop\u00e9ration Sud-Sud.<\/p>\n\n\n\n<p><strong><em>Le jumelage de F\u00e8s et Florence c\u00e9l\u00e9br\u00e9<\/em><\/strong><\/p>\n\n\n\n<p>Pays \u00e0 l\u2019honneur de ce 28<sup>\u00e8me<\/sup> Festival de F\u00e8s des Musiques Sacr\u00e9es du Monde, l\u2019Italie incarne parfaitement la th\u00e9matique de cette \u00e9dition, puisque le pays a jou\u00e9 un r\u00f4le central dans le mouvement culturel de la Renaissance qui a red\u00e9fini l\u2019Europe entre les 14<sup>\u00e8me<\/sup> et 17<sup>\u00e8me<\/sup> si\u00e8cles.<\/p>\n\n\n\n<p>Ville embl\u00e9matique de ce mouvement, Florence est li\u00e9e \u00e0 la ville de F\u00e8s par un jumelage unique au monde, sera \u00e9galement \u00e0 l\u2019honneur lors de cette \u00e9dition. Cit\u00e9s jumelles, villes d\u2019art et de spiritualit\u00e9, F\u00e8s et Florence symbolisent \u00e0 merveille le pont \u00e9tabli par le Festival entre les cultures et les \u00e9poques.<\/p>\n","protected":false},"excerpt":{"rendered":"<p>Apr\u00e8s une \u00e9dition 2024 m\u00e9morable sur la th\u00e9matique de \u00abLa Qu\u00eate de l\u2019Esprit d\u2019Al-Andalous\u00bb, le Festival de F\u00e8s des Musiques Sacr\u00e9es du Monde revient du 16 au 24 mai prochain pour une 28\u00e8me \u00e9dition inscrite sous le th\u00e8me des \u00abRenaissances\u00bb. Le th\u00e8me ne pourrait \u00eatre plus en phase avec le positionnement unique du Royaume du &hellip;<\/p>\n","protected":false},"author":9,"featured_media":35417,"comment_status":"open","ping_status":"closed","sticky":false,"template":"","format":"standard","meta":{"footnotes":""},"categories":[56],"tags":[],"class_list":["post-35427","post","type-post","status-publish","format-standard","has-post-thumbnail","hentry","category-patrimoine"],"_links":{"self":[{"href":"https:\/\/letempsmag.ma\/index.php?rest_route=\/wp\/v2\/posts\/35427","targetHints":{"allow":["GET"]}}],"collection":[{"href":"https:\/\/letempsmag.ma\/index.php?rest_route=\/wp\/v2\/posts"}],"about":[{"href":"https:\/\/letempsmag.ma\/index.php?rest_route=\/wp\/v2\/types\/post"}],"author":[{"embeddable":true,"href":"https:\/\/letempsmag.ma\/index.php?rest_route=\/wp\/v2\/users\/9"}],"replies":[{"embeddable":true,"href":"https:\/\/letempsmag.ma\/index.php?rest_route=%2Fwp%2Fv2%2Fcomments&post=35427"}],"version-history":[{"count":1,"href":"https:\/\/letempsmag.ma\/index.php?rest_route=\/wp\/v2\/posts\/35427\/revisions"}],"predecessor-version":[{"id":35428,"href":"https:\/\/letempsmag.ma\/index.php?rest_route=\/wp\/v2\/posts\/35427\/revisions\/35428"}],"wp:featuredmedia":[{"embeddable":true,"href":"https:\/\/letempsmag.ma\/index.php?rest_route=\/wp\/v2\/media\/35417"}],"wp:attachment":[{"href":"https:\/\/letempsmag.ma\/index.php?rest_route=%2Fwp%2Fv2%2Fmedia&parent=35427"}],"wp:term":[{"taxonomy":"category","embeddable":true,"href":"https:\/\/letempsmag.ma\/index.php?rest_route=%2Fwp%2Fv2%2Fcategories&post=35427"},{"taxonomy":"post_tag","embeddable":true,"href":"https:\/\/letempsmag.ma\/index.php?rest_route=%2Fwp%2Fv2%2Ftags&post=35427"}],"curies":[{"name":"wp","href":"https:\/\/api.w.org\/{rel}","templated":true}]}}