{"id":3540,"date":"2021-05-31T09:37:47","date_gmt":"2021-05-31T09:37:47","guid":{"rendered":"https:\/\/letempsmag.ma\/?p=3540"},"modified":"2021-05-31T09:37:48","modified_gmt":"2021-05-31T09:37:48","slug":"le-maroc-premier-pays-arabe-et-africain-a-presider-le-forum-international-des-transports","status":"publish","type":"post","link":"https:\/\/letempsmag.ma\/?p=3540","title":{"rendered":"Le Maroc premier pays arabe et africain \u00e0 pr\u00e9sider le Forum International des Transports"},"content":{"rendered":"\n<p>Le Maroc a succ\u00e9d\u00e9, vendredi dernier, \u00e0 l\u2019Irlande \u00e0 la pr\u00e9sidence du Forum International des Transports (FIT) pour le mandat 2021-2022, devenant ainsi le premier pays arabe et africain \u00e0 prendre les r\u00eanes cette instance, s\u2019est r\u00e9joui Abdelkader Amara, Ministre de l\u2019\u00c9quipement, du Transport, de la Logistique et de l\u2019Eau. Le Maroc va \u0153uvrer, au cours de sa pr\u00e9sidence, \u00e0 inscrire les questions int\u00e9ressant l\u2019Afrique dans ce domaine en t\u00eate de l\u2019agenda et des d\u00e9cisions du FIT, a d\u00e9clar\u00e9 le Ministre \u00e0 la MAP, au terme de sa participation \u00e0 la cl\u00f4ture des travaux du Sommet du FIT, tenu du 17 au 28 mai courant en format virtuel.<\/p>\n\n\n\n<p><strong>A. A.<\/strong><\/p>\n","protected":false},"excerpt":{"rendered":"<p>Le Maroc a succ\u00e9d\u00e9, vendredi dernier, \u00e0 l\u2019Irlande \u00e0 la pr\u00e9sidence du Forum International des Transports (FIT) pour le mandat 2021-2022, devenant ainsi le premier pays arabe et africain \u00e0 prendre les r\u00eanes cette instance, s\u2019est r\u00e9joui Abdelkader Amara, Ministre de l\u2019\u00c9quipement, du Transport, de la Logistique et de l\u2019Eau. Le Maroc va \u0153uvrer, au &hellip;<\/p>\n","protected":false},"author":9,"featured_media":3541,"comment_status":"open","ping_status":"closed","sticky":false,"template":"","format":"standard","meta":{"footnotes":""},"categories":[152],"tags":[],"class_list":["post-3540","post","type-post","status-publish","format-standard","has-post-thumbnail","hentry","category-logistique"],"_links":{"self":[{"href":"https:\/\/letempsmag.ma\/index.php?rest_route=\/wp\/v2\/posts\/3540","targetHints":{"allow":["GET"]}}],"collection":[{"href":"https:\/\/letempsmag.ma\/index.php?rest_route=\/wp\/v2\/posts"}],"about":[{"href":"https:\/\/letempsmag.ma\/index.php?rest_route=\/wp\/v2\/types\/post"}],"author":[{"embeddable":true,"href":"https:\/\/letempsmag.ma\/index.php?rest_route=\/wp\/v2\/users\/9"}],"replies":[{"embeddable":true,"href":"https:\/\/letempsmag.ma\/index.php?rest_route=%2Fwp%2Fv2%2Fcomments&post=3540"}],"version-history":[{"count":1,"href":"https:\/\/letempsmag.ma\/index.php?rest_route=\/wp\/v2\/posts\/3540\/revisions"}],"predecessor-version":[{"id":3542,"href":"https:\/\/letempsmag.ma\/index.php?rest_route=\/wp\/v2\/posts\/3540\/revisions\/3542"}],"wp:featuredmedia":[{"embeddable":true,"href":"https:\/\/letempsmag.ma\/index.php?rest_route=\/wp\/v2\/media\/3541"}],"wp:attachment":[{"href":"https:\/\/letempsmag.ma\/index.php?rest_route=%2Fwp%2Fv2%2Fmedia&parent=3540"}],"wp:term":[{"taxonomy":"category","embeddable":true,"href":"https:\/\/letempsmag.ma\/index.php?rest_route=%2Fwp%2Fv2%2Fcategories&post=3540"},{"taxonomy":"post_tag","embeddable":true,"href":"https:\/\/letempsmag.ma\/index.php?rest_route=%2Fwp%2Fv2%2Ftags&post=3540"}],"curies":[{"name":"wp","href":"https:\/\/api.w.org\/{rel}","templated":true}]}}