{"id":35372,"date":"2025-05-05T11:46:13","date_gmt":"2025-05-05T10:46:13","guid":{"rendered":"https:\/\/letempsmag.ma\/?p=35372"},"modified":"2025-05-05T11:46:13","modified_gmt":"2025-05-05T10:46:13","slug":"intissar-haddiya-la-valeur-sure-qui-a-marque-le-siel-2025","status":"publish","type":"post","link":"https:\/\/letempsmag.ma\/?p=35372","title":{"rendered":"Intissar Haddiya, la valeur s\u00fbre qui a marqu\u00e9 le SIEL 2025"},"content":{"rendered":"\n<p>Lors de l&#8217;\u00e9dition 2025 du Salon International de l\u2019\u00c9dition et du Livre (SIEL) \u00e0 Rabat, la jeune et talentueuse Intissar Haddiya a, une fois de plus, confirm\u00e9 la richesse et la singularit\u00e9 de son parcours. \u00c0 la crois\u00e9e de la m\u00e9decine, de la litt\u00e9rature et de l\u2019engagement citoyen, elle s&#8217;est impos\u00e9e comme l\u2019une des figures les plus marquantes de cet \u00e9v\u00e9nement.<\/p>\n\n\n\n<p>M\u00e9decin n\u00e9phrologue de renom, professeure \u00e0 l\u2019Universit\u00e9 Mohammed Premier d\u2019Oujda, autrice de plusieurs ouvrages litt\u00e9raires traduits en diff\u00e9rentes langues, Intissar Haddiya incarne cette nouvelle g\u00e9n\u00e9ration d\u2019intellectuelles marocaines capables de faire dialoguer savoir scientifique et cr\u00e9ation litt\u00e9raire.<\/p>\n\n\n\n<p>Lors de cette \u00e9dition 2025 du SIEL, elle a pr\u00e9sent\u00e9 et sign\u00e9 plusieurs de ses \u0153uvres, m\u00ealant r\u00e9cits de r\u00e9silience, romans sur les fragilit\u00e9s humaines et contributions acad\u00e9miques de haut niveau. Son engagement pour la transmission du savoir et la r\u00e9flexion \u00e9thique a particuli\u00e8rement \u00e9t\u00e9 salu\u00e9. Interview\u00e9e sur son parcours, elle a \u00e9voqu\u00e9 avec sinc\u00e9rit\u00e9 son choix d\u2019\u00e9crire principalement en fran\u00e7ais, son attachement aux valeurs universelles, et son d\u00e9sir constant de rapprocher les mondes parfois cloisonn\u00e9s de la science et de la culture.<\/p>\n\n\n\n<p>Son regard sur la lecture aujourd&#8217;hui, sur la place des femmes dans l\u2019espace public, et sur les d\u00e9fis du num\u00e9rique, a vivement marqu\u00e9 les esprits. Par ailleurs, sa tribune intitul\u00e9e \u00abLe SIEL face \u00e0 l\u2019algorithme&nbsp;: que peut encore la litt\u00e9rature \u00e0 l\u2019\u00e8re des r\u00e9seaux&nbsp;?\u00bb a \u00e9t\u00e9 largement relay\u00e9e. Dans un style \u00e0 la fois \u00e9l\u00e9gant et engag\u00e9, elle y d\u00e9fend une litt\u00e9rature capable de r\u00e9sister \u00e0 l\u2019\u00e9ph\u00e9m\u00e8re et de renouer avec la profondeur de l\u2019humain.<\/p>\n\n\n\n<p>Intissar Haddiya ne cesse d&#8217;\u00e9largir son impact&nbsp;: \u00e0 travers ses livres, ses interventions publiques et son engagement social aupr\u00e8s des patients souffrant d\u2019insuffisance r\u00e9nale, elle fait entendre une voix pr\u00e9cieuse, \u00e0 la fois ancr\u00e9e et tourn\u00e9e vers l\u2019universel.<\/p>\n\n\n\n<p>Son passage au r\u00e9cent SIEL restera, \u00e0 n\u2019en pas douter, comme l&#8217;un des moments forts d&#8217;une carri\u00e8re en plein essor, o\u00f9 science et litt\u00e9rature ne cessent de se f\u00e9conder pour nourrir une r\u00e9flexion profond\u00e9ment contemporaine.<\/p>\n","protected":false},"excerpt":{"rendered":"<p>Lors de l&#8217;\u00e9dition 2025 du Salon International de l\u2019\u00c9dition et du Livre (SIEL) \u00e0 Rabat, la jeune et talentueuse Intissar Haddiya a, une fois de plus, confirm\u00e9 la richesse et la singularit\u00e9 de son parcours. \u00c0 la crois\u00e9e de la m\u00e9decine, de la litt\u00e9rature et de l\u2019engagement citoyen, elle s&#8217;est impos\u00e9e comme l\u2019une des figures &hellip;<\/p>\n","protected":false},"author":9,"featured_media":35356,"comment_status":"open","ping_status":"closed","sticky":false,"template":"","format":"standard","meta":{"footnotes":""},"categories":[169],"tags":[],"class_list":["post-35372","post","type-post","status-publish","format-standard","has-post-thumbnail","hentry","category-edition"],"_links":{"self":[{"href":"https:\/\/letempsmag.ma\/index.php?rest_route=\/wp\/v2\/posts\/35372","targetHints":{"allow":["GET"]}}],"collection":[{"href":"https:\/\/letempsmag.ma\/index.php?rest_route=\/wp\/v2\/posts"}],"about":[{"href":"https:\/\/letempsmag.ma\/index.php?rest_route=\/wp\/v2\/types\/post"}],"author":[{"embeddable":true,"href":"https:\/\/letempsmag.ma\/index.php?rest_route=\/wp\/v2\/users\/9"}],"replies":[{"embeddable":true,"href":"https:\/\/letempsmag.ma\/index.php?rest_route=%2Fwp%2Fv2%2Fcomments&post=35372"}],"version-history":[{"count":1,"href":"https:\/\/letempsmag.ma\/index.php?rest_route=\/wp\/v2\/posts\/35372\/revisions"}],"predecessor-version":[{"id":35373,"href":"https:\/\/letempsmag.ma\/index.php?rest_route=\/wp\/v2\/posts\/35372\/revisions\/35373"}],"wp:featuredmedia":[{"embeddable":true,"href":"https:\/\/letempsmag.ma\/index.php?rest_route=\/wp\/v2\/media\/35356"}],"wp:attachment":[{"href":"https:\/\/letempsmag.ma\/index.php?rest_route=%2Fwp%2Fv2%2Fmedia&parent=35372"}],"wp:term":[{"taxonomy":"category","embeddable":true,"href":"https:\/\/letempsmag.ma\/index.php?rest_route=%2Fwp%2Fv2%2Fcategories&post=35372"},{"taxonomy":"post_tag","embeddable":true,"href":"https:\/\/letempsmag.ma\/index.php?rest_route=%2Fwp%2Fv2%2Ftags&post=35372"}],"curies":[{"name":"wp","href":"https:\/\/api.w.org\/{rel}","templated":true}]}}