{"id":35370,"date":"2025-05-05T11:45:32","date_gmt":"2025-05-05T10:45:32","guid":{"rendered":"https:\/\/letempsmag.ma\/?p=35370"},"modified":"2025-05-05T11:45:32","modified_gmt":"2025-05-05T10:45:32","slug":"mohamed-choubi-adieu-lartiste","status":"publish","type":"post","link":"https:\/\/letempsmag.ma\/?p=35370","title":{"rendered":"Mohamed Choubi\u00a0: adieu l\u2019artiste\u00a0!"},"content":{"rendered":"\n<p>La sc\u00e8ne artistique marocaine est en deuil. L\u2019acteur Mohamed Choubi est d\u00e9c\u00e9d\u00e9 vendredi dernier \u00e0 l\u2019\u00e2ge de 63 ans, apr\u00e8s une longue lutte contre la maladie. Le d\u00e9funt laisse derri\u00e8re lui un h\u00e9ritage artistique consid\u00e9rable dans les domaines du th\u00e9\u00e2tre, de la t\u00e9l\u00e9vision et du cin\u00e9ma, lui conf\u00e9rant une place particuli\u00e8re aupr\u00e8s du public au Maroc.<\/p>\n\n\n\n<p>N\u00e9 \u00e0 Marrakech en 1963, le d\u00e9funt \u00e9tait l\u2019un des com\u00e9diens marocains les plus pr\u00e9sents sur la sc\u00e8ne artistique nationale. Dipl\u00f4m\u00e9 de l\u2019Institut sup\u00e9rieur d\u2019Art Dramatique et d\u2019Animation Culturelle (ISADAC) \u00e0 Rabat, il a camp\u00e9 divers r\u00f4les au th\u00e9\u00e2tre, \u00e0 la t\u00e9l\u00e9vision et au cin\u00e9ma.<\/p>\n\n\n\n<p>Tout au long de sa carri\u00e8re, feu Mohamed Choubi a jou\u00e9 dans de nombreuses pi\u00e8ces de th\u00e9\u00e2tre dont \u00abSon et Lumi\u00e8re\u00bb de Tayeb Saddiki, \u00abSi\u00e8ge\u00bb de Moulay Lahcen Idrissi, \u00abKharboucha\u00bb de Lahbib Lasfer et \u00abLa porte close\u00bb de Youssef Fadel. Il a \u00e9galement mis en sc\u00e8ne des \u0153uvres th\u00e9\u00e2trales telles que \u00abImprovisation\u00bb, \u00abHyst\u00e9rie\u00bb, \u00abLa ville et la mer\u00bb et \u00abLes lettres de la paume\u00bb.<\/p>\n\n\n\n<p>Le d\u00e9funt a \u00e9galement pris part \u00e0 plusieurs s\u00e9ries et t\u00e9l\u00e9films, notamment \u00abMohamed El Hayani\u00bb, \u00abLa Poudre du diable\u00bb, \u00abEl Mejdoub\u00bb, \u00abAllam El Khayl\u00bb, \u00abMoul Lmlih\u00bb et \u00abHayna\u00bb.<\/p>\n\n\n\n<p>Au cin\u00e9ma, Mohamed Choubi a tenu des r\u00f4les marquants dans de nombreux films \u00e0 succ\u00e8s dont \u00abMalak\u00bb, \u00abMort \u00e0 vendre\u00bb, \u00abMille mois\u00bb, \u00abLes battements du destin\u00bb, \u00abLa route des femmes\u00bb, \u00abLa symphonie marocaine\u00bb et \u00abL\u2019orchestre des aveugles\u00bb.<\/p>\n","protected":false},"excerpt":{"rendered":"<p>La sc\u00e8ne artistique marocaine est en deuil. L\u2019acteur Mohamed Choubi est d\u00e9c\u00e9d\u00e9 vendredi dernier \u00e0 l\u2019\u00e2ge de 63 ans, apr\u00e8s une longue lutte contre la maladie. Le d\u00e9funt laisse derri\u00e8re lui un h\u00e9ritage artistique consid\u00e9rable dans les domaines du th\u00e9\u00e2tre, de la t\u00e9l\u00e9vision et du cin\u00e9ma, lui conf\u00e9rant une place particuli\u00e8re aupr\u00e8s du public au &hellip;<\/p>\n","protected":false},"author":9,"featured_media":35363,"comment_status":"open","ping_status":"closed","sticky":false,"template":"","format":"standard","meta":{"footnotes":""},"categories":[75],"tags":[],"class_list":["post-35370","post","type-post","status-publish","format-standard","has-post-thumbnail","hentry","category-necrologie"],"_links":{"self":[{"href":"https:\/\/letempsmag.ma\/index.php?rest_route=\/wp\/v2\/posts\/35370","targetHints":{"allow":["GET"]}}],"collection":[{"href":"https:\/\/letempsmag.ma\/index.php?rest_route=\/wp\/v2\/posts"}],"about":[{"href":"https:\/\/letempsmag.ma\/index.php?rest_route=\/wp\/v2\/types\/post"}],"author":[{"embeddable":true,"href":"https:\/\/letempsmag.ma\/index.php?rest_route=\/wp\/v2\/users\/9"}],"replies":[{"embeddable":true,"href":"https:\/\/letempsmag.ma\/index.php?rest_route=%2Fwp%2Fv2%2Fcomments&post=35370"}],"version-history":[{"count":1,"href":"https:\/\/letempsmag.ma\/index.php?rest_route=\/wp\/v2\/posts\/35370\/revisions"}],"predecessor-version":[{"id":35371,"href":"https:\/\/letempsmag.ma\/index.php?rest_route=\/wp\/v2\/posts\/35370\/revisions\/35371"}],"wp:featuredmedia":[{"embeddable":true,"href":"https:\/\/letempsmag.ma\/index.php?rest_route=\/wp\/v2\/media\/35363"}],"wp:attachment":[{"href":"https:\/\/letempsmag.ma\/index.php?rest_route=%2Fwp%2Fv2%2Fmedia&parent=35370"}],"wp:term":[{"taxonomy":"category","embeddable":true,"href":"https:\/\/letempsmag.ma\/index.php?rest_route=%2Fwp%2Fv2%2Fcategories&post=35370"},{"taxonomy":"post_tag","embeddable":true,"href":"https:\/\/letempsmag.ma\/index.php?rest_route=%2Fwp%2Fv2%2Ftags&post=35370"}],"curies":[{"name":"wp","href":"https:\/\/api.w.org\/{rel}","templated":true}]}}