{"id":35368,"date":"2025-05-05T11:44:47","date_gmt":"2025-05-05T10:44:47","guid":{"rendered":"https:\/\/letempsmag.ma\/?p=35368"},"modified":"2025-05-05T11:44:47","modified_gmt":"2025-05-05T10:44:47","slug":"supply-chain-au-maroc-le-logismed-sinternationalise-davantage-cette-annee","status":"publish","type":"post","link":"https:\/\/letempsmag.ma\/?p=35368","title":{"rendered":"Supply chain au Maroc\u00a0: le Logismed s\u2019internationalise davantage cette ann\u00e9e"},"content":{"rendered":"\n<p>Plac\u00e9e sous le haut patronage de S.M. le Roi Mohammed VI, la 12<sup>\u00e8me<\/sup> \u00e9dition du salon Logismed s\u2019annonce comme un rendez-vous majeur pour les professionnels de la logistique et du transport. Du 13 au 15 mai courant, la Foire Internationale de Casablanca accueillera ainsi plus de 150 exposants, dont 25% \u00e9trangers, et plus de 6.000 visiteurs professionnels attendus.<\/p>\n\n\n\n<p>Organis\u00e9e sous le th\u00e8me \u00abLa supply chain au Maroc&nbsp;: une industrie au service de la comp\u00e9titivit\u00e9, de la souverainet\u00e9 et de la sophistication de l\u2019\u00e9conomie\u00bb, cette \u00e9dition 2025 mettra en lumi\u00e8re l\u2019importance strat\u00e9gique de la logistique dans un monde confront\u00e9 \u00e0 des d\u00e9fis croissants de complexit\u00e9 et d\u2019incertitude.<\/p>\n\n\n\n<p>Devenu bien plus qu\u2019un simple salon, Logismed s\u2019affirme comme un v\u00e9ritable hub de solutions, un acc\u00e9l\u00e9rateur de business, un lieu de d\u00e9bat et un catalyseur d\u2019innovation. Le Salon propose une vision compl\u00e8te de l\u2019ensemble des m\u00e9tiers de la cha\u00eene logistique : transport, \u00e9quipements, solutions technologiques, emballage, immobilier, conseil ou encore formation.<\/p>\n\n\n\n<p>\u00abNotre ambition est de faire de Logismed une r\u00e9f\u00e9rence en M\u00e9diterran\u00e9e et en Afrique\u00bb, affirment les organisateurs, qui misent sur un programme riche et une forte repr\u00e9sentativit\u00e9 internationale pour renforcer l\u2019attractivit\u00e9 du Salon.<\/p>\n\n\n\n<p>Durant trois jours, les visiteurs pourront assister \u00e0 de nombreuses conf\u00e9rences anim\u00e9es par des experts de renomm\u00e9e, autour de th\u00e9matiques d\u2019actualit\u00e9 telles que la logistique du Mondial 2030, l\u2019intelligence artificielle dans la supply chain, la d\u00e9carbonation des transports, ou encore la logistique urbaine et la mobilit\u00e9 durable.<\/p>\n\n\n\n<p>Logismed 2025 proposera \u00e9galement plusieurs espaces th\u00e9matiques et animations&nbsp;: les Rencontres du Digital by Portnet, des rendez-vous d\u2019affaires personnalis\u00e9s, un espace Emploi &amp; Comp\u00e9tence et un espace Innovation.<\/p>\n\n\n\n<p>Cette \u00e9dition marque une consolidation de la dimension internationale de Logismed. Plusieurs pays seront repr\u00e9sent\u00e9s, notamment l\u2019Espagne, la France, l\u2019Allemagne, l\u2019Italie, ainsi que des pays africains comme la Mauritanie, le S\u00e9n\u00e9gal, la C\u00f4te d\u2019Ivoire et le Cameroun.<\/p>\n\n\n\n<p>Parmi les d\u00e9l\u00e9gations qui seront les plus remarqu\u00e9es, celle de l\u2019Espagne se distinguera avec pr\u00e8s de 30 exposants, r\u00e9partis dans deux pavillons. Une participation qui refl\u00e8te les relations strat\u00e9giques et solides qui unissent le Maroc et l\u2019Espagne, en particulier dans les domaines du transport et de la logistique.<\/p>\n\n\n\n<p><strong>L. F.<\/strong><\/p>\n","protected":false},"excerpt":{"rendered":"<p>Plac\u00e9e sous le haut patronage de S.M. le Roi Mohammed VI, la 12\u00e8me \u00e9dition du salon Logismed s\u2019annonce comme un rendez-vous majeur pour les professionnels de la logistique et du transport. Du 13 au 15 mai courant, la Foire Internationale de Casablanca accueillera ainsi plus de 150 exposants, dont 25% \u00e9trangers, et plus de 6.000 &hellip;<\/p>\n","protected":false},"author":9,"featured_media":35361,"comment_status":"open","ping_status":"closed","sticky":false,"template":"","format":"standard","meta":{"footnotes":""},"categories":[60],"tags":[],"class_list":["post-35368","post","type-post","status-publish","format-standard","has-post-thumbnail","hentry","category-salon"],"_links":{"self":[{"href":"https:\/\/letempsmag.ma\/index.php?rest_route=\/wp\/v2\/posts\/35368","targetHints":{"allow":["GET"]}}],"collection":[{"href":"https:\/\/letempsmag.ma\/index.php?rest_route=\/wp\/v2\/posts"}],"about":[{"href":"https:\/\/letempsmag.ma\/index.php?rest_route=\/wp\/v2\/types\/post"}],"author":[{"embeddable":true,"href":"https:\/\/letempsmag.ma\/index.php?rest_route=\/wp\/v2\/users\/9"}],"replies":[{"embeddable":true,"href":"https:\/\/letempsmag.ma\/index.php?rest_route=%2Fwp%2Fv2%2Fcomments&post=35368"}],"version-history":[{"count":1,"href":"https:\/\/letempsmag.ma\/index.php?rest_route=\/wp\/v2\/posts\/35368\/revisions"}],"predecessor-version":[{"id":35369,"href":"https:\/\/letempsmag.ma\/index.php?rest_route=\/wp\/v2\/posts\/35368\/revisions\/35369"}],"wp:featuredmedia":[{"embeddable":true,"href":"https:\/\/letempsmag.ma\/index.php?rest_route=\/wp\/v2\/media\/35361"}],"wp:attachment":[{"href":"https:\/\/letempsmag.ma\/index.php?rest_route=%2Fwp%2Fv2%2Fmedia&parent=35368"}],"wp:term":[{"taxonomy":"category","embeddable":true,"href":"https:\/\/letempsmag.ma\/index.php?rest_route=%2Fwp%2Fv2%2Fcategories&post=35368"},{"taxonomy":"post_tag","embeddable":true,"href":"https:\/\/letempsmag.ma\/index.php?rest_route=%2Fwp%2Fv2%2Ftags&post=35368"}],"curies":[{"name":"wp","href":"https:\/\/api.w.org\/{rel}","templated":true}]}}