{"id":3531,"date":"2021-05-31T09:35:51","date_gmt":"2021-05-31T09:35:51","guid":{"rendered":"https:\/\/letempsmag.ma\/?p=3531"},"modified":"2021-05-31T09:35:52","modified_gmt":"2021-05-31T09:35:52","slug":"dons-dorange-maroc-et-huawei-maroc-au-profit-des-eleves-de-6-communes-rurales","status":"publish","type":"post","link":"https:\/\/letempsmag.ma\/?p=3531","title":{"rendered":"Dons d\u2019Orange Maroc et Huawei Maroc au profit des \u00e9l\u00e8ves de 6 Communes rurales"},"content":{"rendered":"\n<p>Un partenariat vient d\u2019\u00eatre sign\u00e9 entre Sa\u00efd Amzazi, Ministre de l&#8217;\u00c9ducation nationale, de la Formation professionnelle, de l&#8217;Enseignement sup\u00e9rieur et de la Recherche scientifique, Hendrik Kasteel, Vice-Pr\u00e9sident Ex\u00e9cutif de la Fondation Orange Maroc, et Peng Cui, Directeur G\u00e9n\u00e9ral de Huawei au Maroc.<\/p>\n\n\n\n<p>Le partenariat porte sur un don d\u2019un lot de 1.500 tablettes et de cartes SIM avec un forfait gratuit de 20 Go de connexion internet par mois, pendant 6 mois, pour permettre aux \u00e9l\u00e8ves des Communes rurales relevant des Directions Provinciales d\u2019Essaouira, Youssoufia, Rhamna, Sidi Bennour, Kh\u00e9nifra et Guercif, de b\u00e9n\u00e9ficier des services de l\u2019enseignement \u00e0 distance offerts par le minist\u00e8re dans le cadre du plan de la continuit\u00e9 p\u00e9dagogique.<\/p>\n\n\n\n<p>Cette coop\u00e9ration entre le minist\u00e8re et le secteur priv\u00e9 vise \u00e0 soutenir l\u2019utilisation du num\u00e9rique et \u00e0 assurer l\u2019\u00e9galit\u00e9 d\u2019acc\u00e8s aux \u00e9l\u00e8ves du milieu rural en leur fournissant des environnements d\u2019apprentissage stimulants qui contribuent \u00e0 leur d\u00e9veloppement social et cognitif.<\/p>\n\n\n\n<p>Les dons permettront aux \u00e9l\u00e8ves d\u2019utiliser la plateforme \u00abTelmidtice\u00bb destin\u00e9e aux cours, exercices et r\u00e9visions des examens. Ils seront ainsi connect\u00e9s avec leurs enseignants via le portail \u00abtaalim.ma\u00bb qui permet d\u2019organiser des classes virtuelles.<\/p>\n\n\n\n<p><strong>L. F.<\/strong><strong><\/strong><\/p>\n","protected":false},"excerpt":{"rendered":"<p>Un partenariat vient d\u2019\u00eatre sign\u00e9 entre Sa\u00efd Amzazi, Ministre de l&#8217;\u00c9ducation nationale, de la Formation professionnelle, de l&#8217;Enseignement sup\u00e9rieur et de la Recherche scientifique, Hendrik Kasteel, Vice-Pr\u00e9sident Ex\u00e9cutif de la Fondation Orange Maroc, et Peng Cui, Directeur G\u00e9n\u00e9ral de Huawei au Maroc. Le partenariat porte sur un don d\u2019un lot de 1.500 tablettes et de &hellip;<\/p>\n","protected":false},"author":9,"featured_media":3532,"comment_status":"open","ping_status":"closed","sticky":false,"template":"","format":"standard","meta":{"footnotes":""},"categories":[227],"tags":[],"class_list":["post-3531","post","type-post","status-publish","format-standard","has-post-thumbnail","hentry","category-inclusion"],"_links":{"self":[{"href":"https:\/\/letempsmag.ma\/index.php?rest_route=\/wp\/v2\/posts\/3531","targetHints":{"allow":["GET"]}}],"collection":[{"href":"https:\/\/letempsmag.ma\/index.php?rest_route=\/wp\/v2\/posts"}],"about":[{"href":"https:\/\/letempsmag.ma\/index.php?rest_route=\/wp\/v2\/types\/post"}],"author":[{"embeddable":true,"href":"https:\/\/letempsmag.ma\/index.php?rest_route=\/wp\/v2\/users\/9"}],"replies":[{"embeddable":true,"href":"https:\/\/letempsmag.ma\/index.php?rest_route=%2Fwp%2Fv2%2Fcomments&post=3531"}],"version-history":[{"count":1,"href":"https:\/\/letempsmag.ma\/index.php?rest_route=\/wp\/v2\/posts\/3531\/revisions"}],"predecessor-version":[{"id":3533,"href":"https:\/\/letempsmag.ma\/index.php?rest_route=\/wp\/v2\/posts\/3531\/revisions\/3533"}],"wp:featuredmedia":[{"embeddable":true,"href":"https:\/\/letempsmag.ma\/index.php?rest_route=\/wp\/v2\/media\/3532"}],"wp:attachment":[{"href":"https:\/\/letempsmag.ma\/index.php?rest_route=%2Fwp%2Fv2%2Fmedia&parent=3531"}],"wp:term":[{"taxonomy":"category","embeddable":true,"href":"https:\/\/letempsmag.ma\/index.php?rest_route=%2Fwp%2Fv2%2Fcategories&post=3531"},{"taxonomy":"post_tag","embeddable":true,"href":"https:\/\/letempsmag.ma\/index.php?rest_route=%2Fwp%2Fv2%2Ftags&post=3531"}],"curies":[{"name":"wp","href":"https:\/\/api.w.org\/{rel}","templated":true}]}}