{"id":35294,"date":"2025-05-02T09:47:03","date_gmt":"2025-05-02T08:47:03","guid":{"rendered":"https:\/\/letempsmag.ma\/?p=35294"},"modified":"2025-05-02T09:47:03","modified_gmt":"2025-05-02T08:47:03","slug":"rabat-accueille-la-semaine-de-la-synergie-verte","status":"publish","type":"post","link":"https:\/\/letempsmag.ma\/?p=35294","title":{"rendered":"Rabat accueille la Semaine de la Synergie Verte"},"content":{"rendered":"\n<p>Le Maroc s&#8217;appr\u00eate \u00e0 accueillir la Semaine de la Synergie Verte, un \u00e9v\u00e9nement de grande port\u00e9e qui se tiendra \u00e0 l&#8217;h\u00f4tel La Tour Hassan \u00e0 Rabat, du 19 au 23 mai prochain.<\/p>\n\n\n\n<p>Organis\u00e9e dans le cadre du Programme Partenariat pour l&#8217;Action en faveur de l&#8217;\u00c9conomie Verte (PAGE), l\u2019initiative a \u00e9t\u00e9 mise en \u0153uvre par cinq agences des Nations Unies (PNUD, PNUE, OIT, ONUDI et UNITAR) et pilot\u00e9 par l&#8217;ONUDI Maroc en collaboration avec le minist\u00e8re de la Transition \u00e9nerg\u00e9tique et du D\u00e9veloppement durable.<\/p>\n\n\n\n<p>L\u2019\u00e9v\u00e9nement constitue une occasion de mettre en avant le leadership du Maroc en mati\u00e8re en mati\u00e8re de politique de d\u00e9veloppement durable et de transition vers l\u2019\u00e9conomie verte et inclusive.<\/p>\n\n\n\n<p>Cette Semaine sera d\u00e9ploy\u00e9e \u00e0 travers l\u2019organisation de deux \u00e9v\u00e9nements majeurs : la 3<sup>\u00e8me<\/sup> Conf\u00e9rence du Carrefour Vert (19 et 20 mai) et la 1<sup>\u00e8re<\/sup> Acad\u00e9mie R\u00e9gionale Verte du PAGE, destin\u00e9s \u00e0 favoriser le dialogue, mettre en lumi\u00e8re des solutions innovantes et renforcer la coop\u00e9ration r\u00e9gionale sur l&#8217;ensemble du continent africain et au-del\u00e0 de ses fronti\u00e8res.<\/p>\n","protected":false},"excerpt":{"rendered":"<p>Le Maroc s&#8217;appr\u00eate \u00e0 accueillir la Semaine de la Synergie Verte, un \u00e9v\u00e9nement de grande port\u00e9e qui se tiendra \u00e0 l&#8217;h\u00f4tel La Tour Hassan \u00e0 Rabat, du 19 au 23 mai prochain. Organis\u00e9e dans le cadre du Programme Partenariat pour l&#8217;Action en faveur de l&#8217;\u00c9conomie Verte (PAGE), l\u2019initiative a \u00e9t\u00e9 mise en \u0153uvre par cinq &hellip;<\/p>\n","protected":false},"author":9,"featured_media":35292,"comment_status":"open","ping_status":"closed","sticky":false,"template":"","format":"standard","meta":{"footnotes":""},"categories":[77],"tags":[],"class_list":["post-35294","post","type-post","status-publish","format-standard","has-post-thumbnail","hentry","category-economie-verte"],"_links":{"self":[{"href":"https:\/\/letempsmag.ma\/index.php?rest_route=\/wp\/v2\/posts\/35294","targetHints":{"allow":["GET"]}}],"collection":[{"href":"https:\/\/letempsmag.ma\/index.php?rest_route=\/wp\/v2\/posts"}],"about":[{"href":"https:\/\/letempsmag.ma\/index.php?rest_route=\/wp\/v2\/types\/post"}],"author":[{"embeddable":true,"href":"https:\/\/letempsmag.ma\/index.php?rest_route=\/wp\/v2\/users\/9"}],"replies":[{"embeddable":true,"href":"https:\/\/letempsmag.ma\/index.php?rest_route=%2Fwp%2Fv2%2Fcomments&post=35294"}],"version-history":[{"count":1,"href":"https:\/\/letempsmag.ma\/index.php?rest_route=\/wp\/v2\/posts\/35294\/revisions"}],"predecessor-version":[{"id":35295,"href":"https:\/\/letempsmag.ma\/index.php?rest_route=\/wp\/v2\/posts\/35294\/revisions\/35295"}],"wp:featuredmedia":[{"embeddable":true,"href":"https:\/\/letempsmag.ma\/index.php?rest_route=\/wp\/v2\/media\/35292"}],"wp:attachment":[{"href":"https:\/\/letempsmag.ma\/index.php?rest_route=%2Fwp%2Fv2%2Fmedia&parent=35294"}],"wp:term":[{"taxonomy":"category","embeddable":true,"href":"https:\/\/letempsmag.ma\/index.php?rest_route=%2Fwp%2Fv2%2Fcategories&post=35294"},{"taxonomy":"post_tag","embeddable":true,"href":"https:\/\/letempsmag.ma\/index.php?rest_route=%2Fwp%2Fv2%2Ftags&post=35294"}],"curies":[{"name":"wp","href":"https:\/\/api.w.org\/{rel}","templated":true}]}}