{"id":35275,"date":"2025-05-01T10:34:11","date_gmt":"2025-05-01T09:34:11","guid":{"rendered":"https:\/\/letempsmag.ma\/?p=35275"},"modified":"2025-05-01T10:34:11","modified_gmt":"2025-05-01T09:34:11","slug":"alma-consolide-a-had-soualem-son-leadership-africain","status":"publish","type":"post","link":"https:\/\/letempsmag.ma\/?p=35275","title":{"rendered":"ALMA consolide \u00e0 Had Soualem son leadership africain"},"content":{"rendered":"\n<p>ALMA, entreprise marocaine pionni\u00e8re dans la fabrication de compteurs d\u2019eau et de tubes en \u00abPVC\u00bb et \u00abPE\u00bb destin\u00e9s \u00e0 l\u2019adduction d\u2019eau potable et \u00e0 l\u2019assainissement, poursuit son d\u00e9veloppement avec l\u2019inauguration d\u2019une nouvelle ligne de production. L\u2019\u00e9v\u00e9nement a eu lieu le 23 avril dernier \u00e0 Had Soualem, confirmant le leadership industriel de l\u2019entreprise au Maroc et en Afrique. Il a \u00e9t\u00e9 marqu\u00e9 par la pr\u00e9sence de Youcef Fadil, Directeur G\u00e9n\u00e9ral de l&#8217;Industrie au minist\u00e8re de l&#8217;Industrie et du Commerce, et a co\u00efncid\u00e9 avec le lancement officiel de la nouvelle ligne d\u00e9di\u00e9e aux tubes \u00abPE100\u00bb.<\/p>\n\n\n\n<p><strong><em>Une premi\u00e8re en Afrique<\/em><\/strong><\/p>\n\n\n\n<p>Cette installation de pointe permet la fabrication de tubes de diam\u00e8tres allant de 20 \u00e0 1.200 mm et positionne ALMA comme le premier producteur africain \u00e0 obtenir la certification \u00abNF\u00bb (norme fran\u00e7aise) pour ce type de produit. Une reconnaissance qui t\u00e9moigne de l\u2019excellence de son savoir-faire.<\/p>\n\n\n\n<p>Fond\u00e9e en 1994, l\u2019entreprise est devenue une soci\u00e9t\u00e9 embl\u00e9matique dans le domaine de la conception, de la production et de la fourniture de solutions compl\u00e8tes pour les r\u00e9seaux d\u2019eau potable, d\u2019assainissement, de traitement des eaux, ainsi que pour les r\u00e9seaux de t\u00e9l\u00e9communication. Au fil des ann\u00e9es, ALMA a jou\u00e9 un r\u00f4le-cl\u00e9 dans le d\u00e9veloppement des infrastructures li\u00e9es \u00e0 l\u2019eau potable au Maroc, en s\u2019alignant avec l\u2019ambition royale d\u2019assurer un acc\u00e8s \u00e9quitable et durable \u00e0 l\u2019eau pour tous les citoyens. Notre engagement envers la qualit\u00e9 et l\u2019innovation nous a permis de nous hisser au rang des entreprises de premier plan, tant au niveau national qu\u2019international.<\/p>\n\n\n\n<p><strong><em>Infrastructures industrielles de haut niveau<\/em><\/strong><\/p>\n\n\n\n<p>L\u2019usine dispose d\u2019un outil technologique de pointe et d\u2019une capacit\u00e9 de production \u00e9lev\u00e9e, ce qui nous permet de r\u00e9pondre efficacement aux besoins croissants en mati\u00e8re d\u2019approvisionnement en eau potable. L\u2019op\u00e9rateur se sp\u00e9cialise dans la conception et la production de tubes en \u00abPE\u00bb et en \u00abPVC\u00bb de haute qualit\u00e9, ainsi que dans l\u2019assemblage et l\u2019\u00e9talonnage de compteurs d\u2019eau pr\u00e9cis et fiables.<\/p>\n\n\n\n<p>ALMA place l\u2019innovation au c\u0153ur de sa strat\u00e9gie. Ainsi, elle vient d\u2019investir 2 millions d\u2019euros (environ 22 millions de DH) dans l\u2019acquisition d\u2019une machine \u00e0 double paroi, une technologie unique en Afrique et disponible en seulement sept exemplaires dans le monde. Elle permet la production \u00e0 chaud et en ligne de manchons pour l\u2019assainissement, assurant une \u00e9tanch\u00e9it\u00e9 parfaite et r\u00e9pondant aux normes environnementales les plus exigeantes.<\/p>\n\n\n\n<p><strong><em>Un Made in Morocco tourn\u00e9 vers le monde<\/em><\/strong><\/p>\n\n\n\n<p>ALMA \u0153uvre \u00e0 porter haut les couleurs du Made in Morocco \u00e0 l\u2019\u00e9chelle internationale. Avec une capacit\u00e9 de production de 27.000 tonnes, plus de 100 collaborateurs et un chiffre d\u2019affaires de 150 millions de DH en 2024, l\u2019entreprise poursuit sa croissance tout en s\u2019engageant activement dans le soutien aux jeunes talents marocains. L\u2019objectif&nbsp;: devenir une r\u00e9f\u00e9rence internationale dans le domaine du transport de l\u2019eau, en proposant des solutions innovantes, durables et cl\u00e9 en main, pour r\u00e9pondre aux besoins croissants en eau, au Maroc et au-del\u00e0.<\/p>\n","protected":false},"excerpt":{"rendered":"<p>ALMA, entreprise marocaine pionni\u00e8re dans la fabrication de compteurs d\u2019eau et de tubes en \u00abPVC\u00bb et \u00abPE\u00bb destin\u00e9s \u00e0 l\u2019adduction d\u2019eau potable et \u00e0 l\u2019assainissement, poursuit son d\u00e9veloppement avec l\u2019inauguration d\u2019une nouvelle ligne de production. L\u2019\u00e9v\u00e9nement a eu lieu le 23 avril dernier \u00e0 Had Soualem, confirmant le leadership industriel de l\u2019entreprise au Maroc et &hellip;<\/p>\n","protected":false},"author":9,"featured_media":35270,"comment_status":"open","ping_status":"closed","sticky":false,"template":"","format":"standard","meta":{"footnotes":""},"categories":[82],"tags":[],"class_list":["post-35275","post","type-post","status-publish","format-standard","has-post-thumbnail","hentry","category-industrie"],"_links":{"self":[{"href":"https:\/\/letempsmag.ma\/index.php?rest_route=\/wp\/v2\/posts\/35275","targetHints":{"allow":["GET"]}}],"collection":[{"href":"https:\/\/letempsmag.ma\/index.php?rest_route=\/wp\/v2\/posts"}],"about":[{"href":"https:\/\/letempsmag.ma\/index.php?rest_route=\/wp\/v2\/types\/post"}],"author":[{"embeddable":true,"href":"https:\/\/letempsmag.ma\/index.php?rest_route=\/wp\/v2\/users\/9"}],"replies":[{"embeddable":true,"href":"https:\/\/letempsmag.ma\/index.php?rest_route=%2Fwp%2Fv2%2Fcomments&post=35275"}],"version-history":[{"count":1,"href":"https:\/\/letempsmag.ma\/index.php?rest_route=\/wp\/v2\/posts\/35275\/revisions"}],"predecessor-version":[{"id":35276,"href":"https:\/\/letempsmag.ma\/index.php?rest_route=\/wp\/v2\/posts\/35275\/revisions\/35276"}],"wp:featuredmedia":[{"embeddable":true,"href":"https:\/\/letempsmag.ma\/index.php?rest_route=\/wp\/v2\/media\/35270"}],"wp:attachment":[{"href":"https:\/\/letempsmag.ma\/index.php?rest_route=%2Fwp%2Fv2%2Fmedia&parent=35275"}],"wp:term":[{"taxonomy":"category","embeddable":true,"href":"https:\/\/letempsmag.ma\/index.php?rest_route=%2Fwp%2Fv2%2Fcategories&post=35275"},{"taxonomy":"post_tag","embeddable":true,"href":"https:\/\/letempsmag.ma\/index.php?rest_route=%2Fwp%2Fv2%2Ftags&post=35275"}],"curies":[{"name":"wp","href":"https:\/\/api.w.org\/{rel}","templated":true}]}}